{"id":17482,"date":"2024-12-20T15:26:04","date_gmt":"2024-12-20T15:26:04","guid":{"rendered":"https:\/\/munichilca.gob.pe\/site\/?p=9227"},"modified":"2024-12-20T15:26:04","modified_gmt":"2024-12-20T15:26:04","slug":"en-chilca-rinden-homenaje-a-personas-con-discapacidad-2","status":"publish","type":"post","link":"https:\/\/munichilca.gob.pe\/site\/2024\/12\/20\/en-chilca-rinden-homenaje-a-personas-con-discapacidad-2\/","title":{"rendered":"*EN CHILCA RINDEN HOMENAJE A PERSONAS CON DISCAPACIDAD*"},"content":{"rendered":"<p>&nbsp;<\/p>\n<p><strong>_Por conmemorar su d\u00eda a nivel nacional_<\/strong><\/p>\n<p>Con motivo de conmemorar el D\u00eda Nacional de la Persona con Discapacidad, la Municipalidad Distrital de Chilca, a trav\u00e9s de la Gerencia de Desarrollo Social y el \u00c1rea de OMAPED, realiz\u00f3 un emotivo acto de reconocimiento a las personas con discapacidad. El evento cont\u00f3 con la presencia del alcalde del distrito, C\u00e9sar Damas, y m\u00e1s de 200 alumnos de la Instituci\u00f3n Educativa Jos\u00e9 Mar\u00eda Arguedas, junto a los representantes de las asociaciones de personas con discapacidad: Nuevo Horizonte, Los Heraldos de Chilca, Los Emprendedores y El Milagro.<\/p>\n<p>La jornada inici\u00f3 con un colorido pasacalle por la educaci\u00f3n inclusiva, protagonizado por los estudiantes de la I.E. Jos\u00e9 Mar\u00eda Arguedas y el Servicio de Apoyo Educativo Interno (SAEI). Los participantes recorrieron las principales calles del distrito, llevando un mensaje de inclusi\u00f3n y respeto a la diversidad. A su llegada, fueron recibidos por el alcalde, quien entreg\u00f3 resoluciones gerenciales a los representantes de las asociaciones de personas con discapacidad, as\u00ed como a los coordinadores de la ONG CMMB y el Centro de Salud de Chilca.<\/p>\n<p>Durante el evento, la docente Zoila Beltr\u00e1n Lermo, de la I.E. Jos\u00e9 Mar\u00eda Arguedas, felicit\u00f3 al alcalde por su constante apoyo a la inclusi\u00f3n educativa y por su labor en la unificaci\u00f3n de las asociaciones que trabajan en beneficio de las personas con discapacidad.<\/p>\n<p>Por su parte, el alcalde C\u00e9sar Damas reafirm\u00f3 su compromiso de seguir trabajando para mejorar la calidad de vida de las personas con discapacidad, impulsando el acceso a trabajos dignos, igualdad y equiparaci\u00f3n de oportunidades. \u201cNuestro objetivo es que nadie se quede atr\u00e1s. Continuaremos trabajando para construir una Chilca inclusiva y accesible para todos\u201d, destac\u00f3.<\/p>\n<p>Al finalizar la ceremonia, los asistentes compartieron un almuerzo ofrecido por la Gerencia de Desarrollo Social, adem\u00e1s de recibir presentes como muestra de gratitud por su participaci\u00f3n y esfuerzo en la lucha por la igualdad de derechos.<\/p>\n<p>&nbsp;<\/p>\n","protected":false},"excerpt":{"rendered":"<p>&nbsp; _Por conmemorar su d\u00eda a nivel nacional_ Con motivo de conmemorar el D\u00eda Nacional de la Persona con Discapacidad, la Municipalidad Distrital de Chilca, a trav\u00e9s de la Gerencia de Desarrollo Social y el \u00c1rea de OMAPED, realiz\u00f3 un emotivo acto de reconocimiento a las personas con discapacidad. El evento cont\u00f3 con la presencia [&hellip;]<\/p>\n","protected":false},"author":4,"featured_media":0,"comment_status":"open","ping_status":"open","sticky":false,"template":"","format":"standard","meta":{"footnotes":""},"categories":[25],"tags":[],"class_list":["post-17482","post","type-post","status-publish","format-standard","hentry","category-noticias"],"blocksy_meta":[],"rttpg_featured_image_url":null,"rttpg_author":{"display_name":"JGUTARRA","author_link":"https:\/\/munichilca.gob.pe\/site\/author\/jgutarra\/"},"rttpg_comment":0,"rttpg_category":"<a href=\"https:\/\/munichilca.gob.pe\/site\/category\/noticias\/\" rel=\"category tag\">Noticias<\/a>","rttpg_excerpt":"&nbsp; _Por conmemorar su d\u00eda a nivel nacional_ Con motivo de conmemorar el D\u00eda Nacional de la Persona con Discapacidad, la Municipalidad Distrital de Chilca, a trav\u00e9s de la Gerencia de Desarrollo Social y el \u00c1rea de OMAPED, realiz\u00f3 un emotivo acto de reconocimiento a las personas con discapacidad. El evento cont\u00f3 con la presencia&hellip;","_links":{"self":[{"href":"https:\/\/munichilca.gob.pe\/site\/wp-json\/wp\/v2\/posts\/17482","targetHints":{"allow":["GET"]}}],"collection":[{"href":"https:\/\/munichilca.gob.pe\/site\/wp-json\/wp\/v2\/posts"}],"about":[{"href":"https:\/\/munichilca.gob.pe\/site\/wp-json\/wp\/v2\/types\/post"}],"author":[{"embeddable":true,"href":"https:\/\/munichilca.gob.pe\/site\/wp-json\/wp\/v2\/users\/4"}],"replies":[{"embeddable":true,"href":"https:\/\/munichilca.gob.pe\/site\/wp-json\/wp\/v2\/comments?post=17482"}],"version-history":[{"count":0,"href":"https:\/\/munichilca.gob.pe\/site\/wp-json\/wp\/v2\/posts\/17482\/revisions"}],"wp:attachment":[{"href":"https:\/\/munichilca.gob.pe\/site\/wp-json\/wp\/v2\/media?parent=17482"}],"wp:term":[{"taxonomy":"category","embeddable":true,"href":"https:\/\/munichilca.gob.pe\/site\/wp-json\/wp\/v2\/categories?post=17482"},{"taxonomy":"post_tag","embeddable":true,"href":"https:\/\/munichilca.gob.pe\/site\/wp-json\/wp\/v2\/tags?post=17482"}],"curies":[{"name":"wp","href":"https:\/\/api.w.org\/{rel}","templated":true}]}}