{"id":17470,"date":"2024-12-20T15:33:45","date_gmt":"2024-12-20T15:33:45","guid":{"rendered":"https:\/\/munichilca.gob.pe\/site\/?p=9251"},"modified":"2024-12-20T15:33:45","modified_gmt":"2024-12-20T15:33:45","slug":"recuperan-areas-verdes-en-i-e-inicial-rosa-de-los-angeles-en-chilca-2","status":"publish","type":"post","link":"https:\/\/munichilca.gob.pe\/site\/2024\/12\/20\/recuperan-areas-verdes-en-i-e-inicial-rosa-de-los-angeles-en-chilca-2\/","title":{"rendered":"*RECUPERAN \u00c1REAS VERDES EN I.E. INICIAL ROSA DE LOS \u00c1NGELES EN CHILCA"},"content":{"rendered":"<p>&nbsp;<\/p>\n<p><strong>_Con sesiones educativas incluidas a profesores, padres y alumnos_<\/strong><\/p>\n<p>En un esfuerzo por promover la conciencia ambiental y el desarrollo sostenible desde la primera infancia, la Municipalidad Distrital de Chilca, a trav\u00e9s de su Programa Municipal de Educaci\u00f3n, Cultura y Ciudadan\u00eda Ambiental (EDUCCA), ha realizado una serie de actividades en la Instituci\u00f3n Educativa Inicial N\u00ba 430 \u201cRosa de los \u00c1ngeles,\u201d beneficiando a aproximadamente 250 ni\u00f1os de 3, 4 y 5 a\u00f1os.<\/p>\n<p>Las actividades incluyeron la recuperaci\u00f3n y embellecimiento de \u00e1reas verdes, la distribuci\u00f3n de material compost en los jardines, y el plantado de hortalizas en \u00e1reas dedicadas al huerto escolar. Este trabajo tiene como objetivo ofrecer a los ni\u00f1os un espacio educativo que fomente el respeto por el medio ambiente y que al mismo tiempo promueva la alimentaci\u00f3n saludable mediante el cultivo de alimentos.<\/p>\n<p>El material compostado distribuido en los jardines fue preparado con residuos org\u00e1nicos gestionados por el mismo programa (EDUCCA), lo que contribuye a la creaci\u00f3n de un ciclo sostenible dentro de la comunidad escolar. La directora de la instituci\u00f3n Mar\u00eda Montalv\u00e1n, docentes, y padres de familia participaron activamente en estas actividades, demostrando su compromiso con la educaci\u00f3n ambiental y el bienestar de los estudiantes.<\/p>\n<p>El responsable del programa municipal Jos\u00e9 Mar\u00eda Melo, destac\u00f3 la importancia de integrar el aprendizaje ecol\u00f3gico en las primeras etapas de la educaci\u00f3n. \u00abEs fundamental que nuestros ni\u00f1os crezcan en contacto con la naturaleza y aprendan desde peque\u00f1os a cuidar su entorno. Estas actividades no solo embellecen el espacio educativo, sino que tambi\u00e9n siembran valores para la vida,\u201d se\u00f1al\u00f3 el servidor municipal.<\/p>\n<p>Con estas iniciativas, la Municipalidad Distrital de Chilca reafirma su compromiso de construir un distrito ambientalmente responsable, promoviendo espacios educativos que integran la cultura ecol\u00f3gica y el desarrollo sostenible.<\/p>\n<p>&nbsp;<\/p>\n","protected":false},"excerpt":{"rendered":"<p>&nbsp; _Con sesiones educativas incluidas a profesores, padres y alumnos_ En un esfuerzo por promover la conciencia ambiental y el desarrollo sostenible desde la primera infancia, la Municipalidad Distrital de Chilca, a trav\u00e9s de su Programa Municipal de Educaci\u00f3n, Cultura y Ciudadan\u00eda Ambiental (EDUCCA), ha realizado una serie de actividades en la Instituci\u00f3n Educativa Inicial [&hellip;]<\/p>\n","protected":false},"author":4,"featured_media":0,"comment_status":"open","ping_status":"open","sticky":false,"template":"","format":"standard","meta":{"footnotes":""},"categories":[25],"tags":[],"class_list":["post-17470","post","type-post","status-publish","format-standard","hentry","category-noticias"],"blocksy_meta":[],"rttpg_featured_image_url":null,"rttpg_author":{"display_name":"JGUTARRA","author_link":"https:\/\/munichilca.gob.pe\/site\/author\/jgutarra\/"},"rttpg_comment":0,"rttpg_category":"<a href=\"https:\/\/munichilca.gob.pe\/site\/category\/noticias\/\" rel=\"category tag\">Noticias<\/a>","rttpg_excerpt":"&nbsp; _Con sesiones educativas incluidas a profesores, padres y alumnos_ En un esfuerzo por promover la conciencia ambiental y el desarrollo sostenible desde la primera infancia, la Municipalidad Distrital de Chilca, a trav\u00e9s de su Programa Municipal de Educaci\u00f3n, Cultura y Ciudadan\u00eda Ambiental (EDUCCA), ha realizado una serie de actividades en la Instituci\u00f3n Educativa Inicial&hellip;","_links":{"self":[{"href":"https:\/\/munichilca.gob.pe\/site\/wp-json\/wp\/v2\/posts\/17470","targetHints":{"allow":["GET"]}}],"collection":[{"href":"https:\/\/munichilca.gob.pe\/site\/wp-json\/wp\/v2\/posts"}],"about":[{"href":"https:\/\/munichilca.gob.pe\/site\/wp-json\/wp\/v2\/types\/post"}],"author":[{"embeddable":true,"href":"https:\/\/munichilca.gob.pe\/site\/wp-json\/wp\/v2\/users\/4"}],"replies":[{"embeddable":true,"href":"https:\/\/munichilca.gob.pe\/site\/wp-json\/wp\/v2\/comments?post=17470"}],"version-history":[{"count":0,"href":"https:\/\/munichilca.gob.pe\/site\/wp-json\/wp\/v2\/posts\/17470\/revisions"}],"wp:attachment":[{"href":"https:\/\/munichilca.gob.pe\/site\/wp-json\/wp\/v2\/media?parent=17470"}],"wp:term":[{"taxonomy":"category","embeddable":true,"href":"https:\/\/munichilca.gob.pe\/site\/wp-json\/wp\/v2\/categories?post=17470"},{"taxonomy":"post_tag","embeddable":true,"href":"https:\/\/munichilca.gob.pe\/site\/wp-json\/wp\/v2\/tags?post=17470"}],"curies":[{"name":"wp","href":"https:\/\/api.w.org\/{rel}","templated":true}]}}