{"id":17457,"date":"2024-12-20T16:01:37","date_gmt":"2024-12-20T16:01:37","guid":{"rendered":"https:\/\/munichilca.gob.pe\/site\/?p=9278"},"modified":"2024-12-20T16:01:37","modified_gmt":"2024-12-20T16:01:37","slug":"adultos-mayores-participan-en-feria-donde-vendieron-sus-productos","status":"publish","type":"post","link":"https:\/\/munichilca.gob.pe\/site\/2024\/12\/20\/adultos-mayores-participan-en-feria-donde-vendieron-sus-productos\/","title":{"rendered":"ADULTOS MAYORES PARTICIPAN EN FERIA DONDE VENDIERON SUS PRODUCTOS*"},"content":{"rendered":"<p>&nbsp;<\/p>\n<p><span style=\"font-family: 'Arial',sans-serif;\">_Promoviendo su bienestar emocional, f\u00edsico y econ\u00f3mico_<\/span><\/p>\n<p style=\"text-align: justify;\"><span style=\"font-family: 'Arial',sans-serif;\">Con el prop\u00f3sito de fomentar la inclusi\u00f3n y participaci\u00f3n activa de los adultos mayores, alrededor de 50 beneficiarios del <strong><span style=\"font-family: 'Arial',sans-serif; font-weight: normal;\">Centro Integral de Atenci\u00f3n al Adulto Mayor (CIAM)<\/span><\/strong> de la Gerencia de Desarrollo Social de la <strong><span style=\"font-family: 'Arial',sans-serif; font-weight: normal;\">Municipalidad Distrital de Chilca<\/span><\/strong>, pertenecientes al programa Pensi\u00f3n 65, protagonizaron una jornada de venta de productos en la <strong><span style=\"font-family: 'Arial',sans-serif; font-weight: normal;\">Feria de los Mi\u00e9rcoles<\/span><\/strong>, ubicada en la Av. Jacinto Ibarra.<\/span><\/p>\n<p style=\"text-align: justify;\"><span style=\"font-family: 'Arial',sans-serif;\">Los adultos mayores ofrecieron al p\u00fablico una variedad de productos elaborados por ellos mismos, como mazamorras de pi\u00f1a, calla, calabaza, chu\u00f1o y ajiaco, as\u00ed como tejidos artesanales que destacaron por su calidad y creatividad. La actividad, apoyada por la comuna, brind\u00f3 un espacio especial de venta para los participantes, quienes recibieron el reconocimiento y la acogida de la poblaci\u00f3n.<\/span><\/p>\n<p style=\"text-align: justify;\"><span style=\"font-family: 'Arial',sans-serif;\">La responsable del \u00e1rea del CIAM, <strong><span style=\"font-family: 'Arial',sans-serif; font-weight: normal;\">Lucy Vilcahuam\u00e1n<\/span><\/strong>, destac\u00f3 que estas actividades se realizar\u00e1n de manera mensual con el objetivo de mantener activos a los adultos mayores, promoviendo su bienestar emocional, f\u00edsico y econ\u00f3mico. \u00abEstas iniciativas no solo contribuyen al fortalecimiento de sus habilidades, sino que tambi\u00e9n les permiten interactuar con la comunidad, generando ingresos y valorando su aporte a la sociedad\u00bb, se\u00f1al\u00f3.<\/span><\/p>\n<p style=\"text-align: justify;\"><span style=\"font-family: 'Arial',sans-serif;\">La <strong><span style=\"font-family: 'Arial',sans-serif; font-weight: normal;\">Municipalidad Distrital de Chilca<\/span><\/strong><b> <\/b>reafirma su compromiso con los adultos mayores, impulsando acciones que mejoren su calidad de vida y les brinden oportunidades para desarrollar su potencial.<\/span><\/p>\n","protected":false},"excerpt":{"rendered":"<p>&nbsp; _Promoviendo su bienestar emocional, f\u00edsico y econ\u00f3mico_ Con el prop\u00f3sito de fomentar la inclusi\u00f3n y participaci\u00f3n activa de los adultos mayores, alrededor de 50 beneficiarios del Centro Integral de Atenci\u00f3n al Adulto Mayor (CIAM) de la Gerencia de Desarrollo Social de la Municipalidad Distrital de Chilca, pertenecientes al programa Pensi\u00f3n 65, protagonizaron una jornada [&hellip;]<\/p>\n","protected":false},"author":4,"featured_media":0,"comment_status":"open","ping_status":"open","sticky":false,"template":"","format":"standard","meta":{"footnotes":""},"categories":[25],"tags":[],"class_list":["post-17457","post","type-post","status-publish","format-standard","hentry","category-noticias"],"blocksy_meta":[],"rttpg_featured_image_url":null,"rttpg_author":{"display_name":"JGUTARRA","author_link":"https:\/\/munichilca.gob.pe\/site\/author\/jgutarra\/"},"rttpg_comment":0,"rttpg_category":"<a href=\"https:\/\/munichilca.gob.pe\/site\/category\/noticias\/\" rel=\"category tag\">Noticias<\/a>","rttpg_excerpt":"&nbsp; _Promoviendo su bienestar emocional, f\u00edsico y econ\u00f3mico_ Con el prop\u00f3sito de fomentar la inclusi\u00f3n y participaci\u00f3n activa de los adultos mayores, alrededor de 50 beneficiarios del Centro Integral de Atenci\u00f3n al Adulto Mayor (CIAM) de la Gerencia de Desarrollo Social de la Municipalidad Distrital de Chilca, pertenecientes al programa Pensi\u00f3n 65, protagonizaron una jornada&hellip;","_links":{"self":[{"href":"https:\/\/munichilca.gob.pe\/site\/wp-json\/wp\/v2\/posts\/17457","targetHints":{"allow":["GET"]}}],"collection":[{"href":"https:\/\/munichilca.gob.pe\/site\/wp-json\/wp\/v2\/posts"}],"about":[{"href":"https:\/\/munichilca.gob.pe\/site\/wp-json\/wp\/v2\/types\/post"}],"author":[{"embeddable":true,"href":"https:\/\/munichilca.gob.pe\/site\/wp-json\/wp\/v2\/users\/4"}],"replies":[{"embeddable":true,"href":"https:\/\/munichilca.gob.pe\/site\/wp-json\/wp\/v2\/comments?post=17457"}],"version-history":[{"count":0,"href":"https:\/\/munichilca.gob.pe\/site\/wp-json\/wp\/v2\/posts\/17457\/revisions"}],"wp:attachment":[{"href":"https:\/\/munichilca.gob.pe\/site\/wp-json\/wp\/v2\/media?parent=17457"}],"wp:term":[{"taxonomy":"category","embeddable":true,"href":"https:\/\/munichilca.gob.pe\/site\/wp-json\/wp\/v2\/categories?post=17457"},{"taxonomy":"post_tag","embeddable":true,"href":"https:\/\/munichilca.gob.pe\/site\/wp-json\/wp\/v2\/tags?post=17457"}],"curies":[{"name":"wp","href":"https:\/\/api.w.org\/{rel}","templated":true}]}}