{"id":17435,"date":"2024-12-23T08:50:27","date_gmt":"2024-12-23T08:50:27","guid":{"rendered":"https:\/\/munichilca.gob.pe\/site\/?p=9317"},"modified":"2024-12-23T08:50:27","modified_gmt":"2024-12-23T08:50:27","slug":"vuelven-los-talleres-de-verano-2025-en-chilca-2","status":"publish","type":"post","link":"https:\/\/munichilca.gob.pe\/site\/2024\/12\/23\/vuelven-los-talleres-de-verano-2025-en-chilca-2\/","title":{"rendered":"VUELVEN LOS TALLERES DE VERANO 2025 EN CHILCA"},"content":{"rendered":"<p>El Instituto de Cultura de la Municipalidad Distrital de Chilca anuncia con entusiasmo el inicio de los Talleres de Verano 2025, una oportunidad \u00fanica para el aprendizaje y el desarrollo integral de ni\u00f1os y adolescentes del distrito. Las actividades dar\u00e1n inicio el pr\u00f3ximo 6 de enero y ofrecer\u00e1n una amplia variedad de talleres pensados para fomentar habilidades art\u00edsticas, deportivas y personales.<br \/>\nEntre los talleres disponibles se encuentran baile moderno, etiqueta y modelaje, danzas folcl\u00f3ricas, m\u00fasica, ajedrez, teatro, dibujo y pintura, oratoria, canto, tae kwon do, marinera, f\u00fatbol, v\u00f3ley.<br \/>\nLos talleres se desarrollar\u00e1n en horarios de lunes a s\u00e1bado, de 9:00 a.m. a 1:00 p.m., brindando un espacio din\u00e1mico y formativo durante las vacaciones escolares.<br \/>\nEl subgerente de Cultura, Juan Pineda Larzo, resalt\u00f3 el \u00e9xito alcanzado por los talleres en a\u00f1os anteriores y expres\u00f3 su confianza en que esta nueva edici\u00f3n ser\u00e1 igual de exitosa. \u00abInvitamos a toda la juventud del distrito a ser parte de esta experiencia que no solo entretiene, sino tambi\u00e9n forma y motiva a nuestros participantes\u00bb, coment\u00f3.<br \/>\nEl alcalde C\u00e9sar Damas Laurente destac\u00f3 que esta iniciativa busca fortalecer las habilidades y talentos de los j\u00f3venes de Chilca, contribuyendo a su formaci\u00f3n integral donde nuestros ni\u00f1os y j\u00f3venes tendr\u00e1n acceso a actividades que les permitan aprender y divertirse al mismo tiempo, oportunidad para descubrir y potenciar sus talentos en un ambiente seguro y saludable.<br \/>\nLas matr\u00edculas ya est\u00e1n abiertas y pueden realizarse en las instalaciones del Instituto de Cultura de Chilca ubicado en la Av. Huancavelica 406. No dejes pasar esta oportunidad de aprovechar las vacaciones de manera divertida y productiva.<\/p>\n","protected":false},"excerpt":{"rendered":"<p>El Instituto de Cultura de la Municipalidad Distrital de Chilca anuncia con entusiasmo el inicio de los Talleres de Verano 2025, una oportunidad \u00fanica para el aprendizaje y el desarrollo integral de ni\u00f1os y adolescentes del distrito. Las actividades dar\u00e1n inicio el pr\u00f3ximo 6 de enero y ofrecer\u00e1n una amplia variedad de talleres pensados para [&hellip;]<\/p>\n","protected":false},"author":4,"featured_media":17436,"comment_status":"open","ping_status":"open","sticky":false,"template":"","format":"standard","meta":{"footnotes":""},"categories":[25],"tags":[],"class_list":["post-17435","post","type-post","status-publish","format-standard","has-post-thumbnail","hentry","category-noticias"],"blocksy_meta":[],"rttpg_featured_image_url":{"full":["https:\/\/munichilca.gob.pe\/site\/wp-content\/uploads\/2024\/12\/WhatsApp-Image-2024-12-19-at-4.26.29-PM.jpeg",1600,1066,false],"landscape":["https:\/\/munichilca.gob.pe\/site\/wp-content\/uploads\/2024\/12\/WhatsApp-Image-2024-12-19-at-4.26.29-PM.jpeg",1600,1066,false],"portraits":["https:\/\/munichilca.gob.pe\/site\/wp-content\/uploads\/2024\/12\/WhatsApp-Image-2024-12-19-at-4.26.29-PM.jpeg",1600,1066,false],"thumbnail":["https:\/\/munichilca.gob.pe\/site\/wp-content\/uploads\/2024\/12\/WhatsApp-Image-2024-12-19-at-4.26.29-PM-150x150.jpeg",150,150,true],"medium":["https:\/\/munichilca.gob.pe\/site\/wp-content\/uploads\/2024\/12\/WhatsApp-Image-2024-12-19-at-4.26.29-PM-300x200.jpeg",300,200,true],"large":["https:\/\/munichilca.gob.pe\/site\/wp-content\/uploads\/2024\/12\/WhatsApp-Image-2024-12-19-at-4.26.29-PM-1024x682.jpeg",1024,682,true],"1536x1536":["https:\/\/munichilca.gob.pe\/site\/wp-content\/uploads\/2024\/12\/WhatsApp-Image-2024-12-19-at-4.26.29-PM-1536x1023.jpeg",1536,1023,true],"2048x2048":["https:\/\/munichilca.gob.pe\/site\/wp-content\/uploads\/2024\/12\/WhatsApp-Image-2024-12-19-at-4.26.29-PM.jpeg",1600,1066,false],"tp-image-grid":["https:\/\/munichilca.gob.pe\/site\/wp-content\/uploads\/2024\/12\/WhatsApp-Image-2024-12-19-at-4.26.29-PM-700x700.jpeg",700,700,true]},"rttpg_author":{"display_name":"JGUTARRA","author_link":"https:\/\/munichilca.gob.pe\/site\/author\/jgutarra\/"},"rttpg_comment":0,"rttpg_category":"<a href=\"https:\/\/munichilca.gob.pe\/site\/category\/noticias\/\" rel=\"category tag\">Noticias<\/a>","rttpg_excerpt":"El Instituto de Cultura de la Municipalidad Distrital de Chilca anuncia con entusiasmo el inicio de los Talleres de Verano 2025, una oportunidad \u00fanica para el aprendizaje y el desarrollo integral de ni\u00f1os y adolescentes del distrito. Las actividades dar\u00e1n inicio el pr\u00f3ximo 6 de enero y ofrecer\u00e1n una amplia variedad de talleres pensados para&hellip;","_links":{"self":[{"href":"https:\/\/munichilca.gob.pe\/site\/wp-json\/wp\/v2\/posts\/17435","targetHints":{"allow":["GET"]}}],"collection":[{"href":"https:\/\/munichilca.gob.pe\/site\/wp-json\/wp\/v2\/posts"}],"about":[{"href":"https:\/\/munichilca.gob.pe\/site\/wp-json\/wp\/v2\/types\/post"}],"author":[{"embeddable":true,"href":"https:\/\/munichilca.gob.pe\/site\/wp-json\/wp\/v2\/users\/4"}],"replies":[{"embeddable":true,"href":"https:\/\/munichilca.gob.pe\/site\/wp-json\/wp\/v2\/comments?post=17435"}],"version-history":[{"count":0,"href":"https:\/\/munichilca.gob.pe\/site\/wp-json\/wp\/v2\/posts\/17435\/revisions"}],"wp:featuredmedia":[{"embeddable":true,"href":"https:\/\/munichilca.gob.pe\/site\/wp-json\/wp\/v2\/media\/17436"}],"wp:attachment":[{"href":"https:\/\/munichilca.gob.pe\/site\/wp-json\/wp\/v2\/media?parent=17435"}],"wp:term":[{"taxonomy":"category","embeddable":true,"href":"https:\/\/munichilca.gob.pe\/site\/wp-json\/wp\/v2\/categories?post=17435"},{"taxonomy":"post_tag","embeddable":true,"href":"https:\/\/munichilca.gob.pe\/site\/wp-json\/wp\/v2\/tags?post=17435"}],"curies":[{"name":"wp","href":"https:\/\/api.w.org\/{rel}","templated":true}]}}