{"id":17428,"date":"2024-12-26T08:01:59","date_gmt":"2024-12-26T08:01:59","guid":{"rendered":"https:\/\/munichilca.gob.pe\/site\/?p=9329"},"modified":"2024-12-26T08:01:59","modified_gmt":"2024-12-26T08:01:59","slug":"fortalecen-trabajo-de-plantacion-en-el-campo-zonal-de-coto-coto","status":"publish","type":"post","link":"https:\/\/munichilca.gob.pe\/site\/2024\/12\/26\/fortalecen-trabajo-de-plantacion-en-el-campo-zonal-de-coto-coto\/","title":{"rendered":"FORTALECEN TRABAJO DE PLANTACI\u00d3N EN EL CAMPO ZONAL DE COTO COTO"},"content":{"rendered":"<p>La Municipalidad Distrital de Chilca, a trav\u00e9s de la Gerencia de Servicios P\u00fablicos y Medio Ambiente, viene impulsando un ambicioso proyecto de reforestaci\u00f3n y embellecimiento en las \u00e1reas verdes del Campo Zonal de Coto Coto. Este esfuerzo articulado cuenta con la valiosa participaci\u00f3n de instituciones educativas como la Universidad Nacional del Centro del Per\u00fa, la Universidad Continental, la Universidad Peruana Los Andes y el emblem\u00e1tico Colegio Santa Isabel.<br \/>\nEn la actividad m\u00e1s reciente, m\u00e1s de 50 ni\u00f1os y ni\u00f1as del Colegio Santa Isabel protagonizaron una jornada que incluy\u00f3 la plantaci\u00f3n de diversas especies de \u00e1rboles, adem\u00e1s de una obra teatral educativa sobre la importancia del cuidado del medio ambiente. La participaci\u00f3n de los escolares ha sido fundamental para concienciar sobre la preservaci\u00f3n ambiental desde temprana edad.<br \/>\nEl alcalde del distrito de Chilca, C\u00e9sar Damas Laurente, estuvo presente en el evento para agradecer a los ni\u00f1os y docentes por su compromiso y destac\u00f3 la importancia de sumar esfuerzos entre autoridades, instituciones y la comunidad para mejorar los espacios verdes del distrito. Por su parte, el gerente de Servicios P\u00fablicos y Medio Ambiente, Tito Orellana, anunci\u00f3 que el objetivo es plantar 800 \u00e1rboles y plantas en todo el Campo Zonal de Coto Coto, con el apoyo de instituciones educativas y el constante trabajo del personal de Parques y Jardines.<br \/>\nEsta iniciativa no solo busca mejorar la calidad ambiental del distrito, sino tambi\u00e9n promover la educaci\u00f3n ambiental en la ciudadan\u00eda, reforzando el mensaje de que el cuidado del entorno es una tarea colectiva.<br \/>\nLa Municipalidad Distrital de Chilca reafirma su compromiso de trabajar junto con la comunidad y las instituciones para construir un distrito m\u00e1s verde y sostenible.<\/p>\n","protected":false},"excerpt":{"rendered":"<p>La Municipalidad Distrital de Chilca, a trav\u00e9s de la Gerencia de Servicios P\u00fablicos y Medio Ambiente, viene impulsando un ambicioso proyecto de reforestaci\u00f3n y embellecimiento en las \u00e1reas verdes del Campo Zonal de Coto Coto. Este esfuerzo articulado cuenta con la valiosa participaci\u00f3n de instituciones educativas como la Universidad Nacional del Centro del Per\u00fa, la [&hellip;]<\/p>\n","protected":false},"author":4,"featured_media":17429,"comment_status":"open","ping_status":"open","sticky":false,"template":"","format":"standard","meta":{"footnotes":""},"categories":[25],"tags":[],"class_list":["post-17428","post","type-post","status-publish","format-standard","has-post-thumbnail","hentry","category-noticias"],"blocksy_meta":[],"rttpg_featured_image_url":{"full":["https:\/\/munichilca.gob.pe\/site\/wp-content\/uploads\/2024\/12\/WhatsApp-Image-2024-12-23-at-5.38.03-PM.jpeg",1600,1200,false],"landscape":["https:\/\/munichilca.gob.pe\/site\/wp-content\/uploads\/2024\/12\/WhatsApp-Image-2024-12-23-at-5.38.03-PM.jpeg",1600,1200,false],"portraits":["https:\/\/munichilca.gob.pe\/site\/wp-content\/uploads\/2024\/12\/WhatsApp-Image-2024-12-23-at-5.38.03-PM.jpeg",1600,1200,false],"thumbnail":["https:\/\/munichilca.gob.pe\/site\/wp-content\/uploads\/2024\/12\/WhatsApp-Image-2024-12-23-at-5.38.03-PM-150x150.jpeg",150,150,true],"medium":["https:\/\/munichilca.gob.pe\/site\/wp-content\/uploads\/2024\/12\/WhatsApp-Image-2024-12-23-at-5.38.03-PM-300x225.jpeg",300,225,true],"large":["https:\/\/munichilca.gob.pe\/site\/wp-content\/uploads\/2024\/12\/WhatsApp-Image-2024-12-23-at-5.38.03-PM-1024x768.jpeg",1024,768,true],"1536x1536":["https:\/\/munichilca.gob.pe\/site\/wp-content\/uploads\/2024\/12\/WhatsApp-Image-2024-12-23-at-5.38.03-PM-1536x1152.jpeg",1536,1152,true],"2048x2048":["https:\/\/munichilca.gob.pe\/site\/wp-content\/uploads\/2024\/12\/WhatsApp-Image-2024-12-23-at-5.38.03-PM.jpeg",1600,1200,false],"tp-image-grid":["https:\/\/munichilca.gob.pe\/site\/wp-content\/uploads\/2024\/12\/WhatsApp-Image-2024-12-23-at-5.38.03-PM-700x700.jpeg",700,700,true]},"rttpg_author":{"display_name":"JGUTARRA","author_link":"https:\/\/munichilca.gob.pe\/site\/author\/jgutarra\/"},"rttpg_comment":0,"rttpg_category":"<a href=\"https:\/\/munichilca.gob.pe\/site\/category\/noticias\/\" rel=\"category tag\">Noticias<\/a>","rttpg_excerpt":"La Municipalidad Distrital de Chilca, a trav\u00e9s de la Gerencia de Servicios P\u00fablicos y Medio Ambiente, viene impulsando un ambicioso proyecto de reforestaci\u00f3n y embellecimiento en las \u00e1reas verdes del Campo Zonal de Coto Coto. Este esfuerzo articulado cuenta con la valiosa participaci\u00f3n de instituciones educativas como la Universidad Nacional del Centro del Per\u00fa, la&hellip;","_links":{"self":[{"href":"https:\/\/munichilca.gob.pe\/site\/wp-json\/wp\/v2\/posts\/17428","targetHints":{"allow":["GET"]}}],"collection":[{"href":"https:\/\/munichilca.gob.pe\/site\/wp-json\/wp\/v2\/posts"}],"about":[{"href":"https:\/\/munichilca.gob.pe\/site\/wp-json\/wp\/v2\/types\/post"}],"author":[{"embeddable":true,"href":"https:\/\/munichilca.gob.pe\/site\/wp-json\/wp\/v2\/users\/4"}],"replies":[{"embeddable":true,"href":"https:\/\/munichilca.gob.pe\/site\/wp-json\/wp\/v2\/comments?post=17428"}],"version-history":[{"count":0,"href":"https:\/\/munichilca.gob.pe\/site\/wp-json\/wp\/v2\/posts\/17428\/revisions"}],"wp:featuredmedia":[{"embeddable":true,"href":"https:\/\/munichilca.gob.pe\/site\/wp-json\/wp\/v2\/media\/17429"}],"wp:attachment":[{"href":"https:\/\/munichilca.gob.pe\/site\/wp-json\/wp\/v2\/media?parent=17428"}],"wp:term":[{"taxonomy":"category","embeddable":true,"href":"https:\/\/munichilca.gob.pe\/site\/wp-json\/wp\/v2\/categories?post=17428"},{"taxonomy":"post_tag","embeddable":true,"href":"https:\/\/munichilca.gob.pe\/site\/wp-json\/wp\/v2\/tags?post=17428"}],"curies":[{"name":"wp","href":"https:\/\/api.w.org\/{rel}","templated":true}]}}