{"id":17424,"date":"2024-12-26T08:52:52","date_gmt":"2024-12-26T08:52:52","guid":{"rendered":"https:\/\/munichilca.gob.pe\/site\/?p=9335"},"modified":"2024-12-26T08:52:52","modified_gmt":"2024-12-26T08:52:52","slug":"con-divertida-carrera-de-papanoeles-inicia-feria-navidena-en-chilca","status":"publish","type":"post","link":"https:\/\/munichilca.gob.pe\/site\/2024\/12\/26\/con-divertida-carrera-de-papanoeles-inicia-feria-navidena-en-chilca\/","title":{"rendered":"CON DIVERTIDA CARRERA DE PAPANOELES INICIA FERIA NAVIDE\u00d1A EN CHILCA"},"content":{"rendered":"<p>Espacio para fomentar la econom\u00eda local<br \/>\nCon gran entusiasmo y participaci\u00f3n de la comunidad, el alcalde del distrito de Chilca, C\u00e9sar Damas, inaugur\u00f3 oficialmente la esperada Feria Navide\u00f1a 2024, que se llevar\u00e1 a cabo los d\u00edas 23, 24, 25 y el 30, 31 de diciembre, adem\u00e1s del 1 de enero de 2025. El evento se desarrolla en la Av. Torre Tagle, desde la Av. 9 de Diciembre hasta la Av. Pr\u00f3ceres y re\u00fane a m\u00e1s de 200 comerciantes quienes ofrecer\u00e1n productos variados como panetones, vinos, adornos, juguetes, locer\u00eda, regalos, peluches, artesan\u00eda, ropa, calzados y comidas t\u00edpicas. La feria tambi\u00e9n incluye juegos recreativos para toda la familia.<br \/>\nComo parte de la inauguraci\u00f3n, se realiz\u00f3 una divertida y original Carrera de Pap\u00e1 Noeles, donde cerca de 100 competidores de todas las edades participaron luciendo creativos disfraces y cargando sacos simb\u00f3licos. La carrera inici\u00f3 en el Parque Los H\u00e9roes y recorri\u00f3 m\u00e1s de seis cuadras de la Av. 9 de Diciembre, concluyendo en la Av. Torre Tagle. Los ganadores fueron premiados con canastas navide\u00f1as y el primer lugar recibi\u00f3 un trofeo como reconocimiento a su esfuerzo y esp\u00edritu festivo.<br \/>\nEl alcalde C\u00e9sar Damas destac\u00f3 la importancia de esta feria como un espacio para fomentar la econom\u00eda local y fortalecer los lazos comunitarios durante las festividades. Asimismo, invit\u00f3 a todas las familias a participar de las diversas actividades programadas y a disfrutar de la variada oferta comercial y gastron\u00f3mica.<br \/>\nCon esta iniciativa, la Municipalidad Distrital de Chilca reafirma su compromiso de promover el desarrollo econ\u00f3mico, cultural y social de la comunidad, ofreciendo un ambiente seguro y acogedor para celebrar las fiestas navide\u00f1as.<\/p>\n","protected":false},"excerpt":{"rendered":"<p>Espacio para fomentar la econom\u00eda local Con gran entusiasmo y participaci\u00f3n de la comunidad, el alcalde del distrito de Chilca, C\u00e9sar Damas, inaugur\u00f3 oficialmente la esperada Feria Navide\u00f1a 2024, que se llevar\u00e1 a cabo los d\u00edas 23, 24, 25 y el 30, 31 de diciembre, adem\u00e1s del 1 de enero de 2025. El evento se [&hellip;]<\/p>\n","protected":false},"author":4,"featured_media":17425,"comment_status":"open","ping_status":"open","sticky":false,"template":"","format":"standard","meta":{"footnotes":""},"categories":[25],"tags":[],"class_list":["post-17424","post","type-post","status-publish","format-standard","has-post-thumbnail","hentry","category-noticias"],"blocksy_meta":[],"rttpg_featured_image_url":{"full":["https:\/\/munichilca.gob.pe\/site\/wp-content\/uploads\/2024\/12\/WhatsApp-Image-2024-12-23-at-5.39.34-PM.jpeg",1600,1066,false],"landscape":["https:\/\/munichilca.gob.pe\/site\/wp-content\/uploads\/2024\/12\/WhatsApp-Image-2024-12-23-at-5.39.34-PM.jpeg",1600,1066,false],"portraits":["https:\/\/munichilca.gob.pe\/site\/wp-content\/uploads\/2024\/12\/WhatsApp-Image-2024-12-23-at-5.39.34-PM.jpeg",1600,1066,false],"thumbnail":["https:\/\/munichilca.gob.pe\/site\/wp-content\/uploads\/2024\/12\/WhatsApp-Image-2024-12-23-at-5.39.34-PM-150x150.jpeg",150,150,true],"medium":["https:\/\/munichilca.gob.pe\/site\/wp-content\/uploads\/2024\/12\/WhatsApp-Image-2024-12-23-at-5.39.34-PM-300x200.jpeg",300,200,true],"large":["https:\/\/munichilca.gob.pe\/site\/wp-content\/uploads\/2024\/12\/WhatsApp-Image-2024-12-23-at-5.39.34-PM-1024x682.jpeg",1024,682,true],"1536x1536":["https:\/\/munichilca.gob.pe\/site\/wp-content\/uploads\/2024\/12\/WhatsApp-Image-2024-12-23-at-5.39.34-PM-1536x1023.jpeg",1536,1023,true],"2048x2048":["https:\/\/munichilca.gob.pe\/site\/wp-content\/uploads\/2024\/12\/WhatsApp-Image-2024-12-23-at-5.39.34-PM.jpeg",1600,1066,false],"tp-image-grid":["https:\/\/munichilca.gob.pe\/site\/wp-content\/uploads\/2024\/12\/WhatsApp-Image-2024-12-23-at-5.39.34-PM-700x700.jpeg",700,700,true]},"rttpg_author":{"display_name":"JGUTARRA","author_link":"https:\/\/munichilca.gob.pe\/site\/author\/jgutarra\/"},"rttpg_comment":0,"rttpg_category":"<a href=\"https:\/\/munichilca.gob.pe\/site\/category\/noticias\/\" rel=\"category tag\">Noticias<\/a>","rttpg_excerpt":"Espacio para fomentar la econom\u00eda local Con gran entusiasmo y participaci\u00f3n de la comunidad, el alcalde del distrito de Chilca, C\u00e9sar Damas, inaugur\u00f3 oficialmente la esperada Feria Navide\u00f1a 2024, que se llevar\u00e1 a cabo los d\u00edas 23, 24, 25 y el 30, 31 de diciembre, adem\u00e1s del 1 de enero de 2025. El evento se&hellip;","_links":{"self":[{"href":"https:\/\/munichilca.gob.pe\/site\/wp-json\/wp\/v2\/posts\/17424","targetHints":{"allow":["GET"]}}],"collection":[{"href":"https:\/\/munichilca.gob.pe\/site\/wp-json\/wp\/v2\/posts"}],"about":[{"href":"https:\/\/munichilca.gob.pe\/site\/wp-json\/wp\/v2\/types\/post"}],"author":[{"embeddable":true,"href":"https:\/\/munichilca.gob.pe\/site\/wp-json\/wp\/v2\/users\/4"}],"replies":[{"embeddable":true,"href":"https:\/\/munichilca.gob.pe\/site\/wp-json\/wp\/v2\/comments?post=17424"}],"version-history":[{"count":0,"href":"https:\/\/munichilca.gob.pe\/site\/wp-json\/wp\/v2\/posts\/17424\/revisions"}],"wp:featuredmedia":[{"embeddable":true,"href":"https:\/\/munichilca.gob.pe\/site\/wp-json\/wp\/v2\/media\/17425"}],"wp:attachment":[{"href":"https:\/\/munichilca.gob.pe\/site\/wp-json\/wp\/v2\/media?parent=17424"}],"wp:term":[{"taxonomy":"category","embeddable":true,"href":"https:\/\/munichilca.gob.pe\/site\/wp-json\/wp\/v2\/categories?post=17424"},{"taxonomy":"post_tag","embeddable":true,"href":"https:\/\/munichilca.gob.pe\/site\/wp-json\/wp\/v2\/tags?post=17424"}],"curies":[{"name":"wp","href":"https:\/\/api.w.org\/{rel}","templated":true}]}}