{"id":17422,"date":"2024-12-27T12:21:35","date_gmt":"2024-12-27T12:21:35","guid":{"rendered":"https:\/\/munichilca.gob.pe\/site\/?p=9339"},"modified":"2024-12-27T12:21:35","modified_gmt":"2024-12-27T12:21:35","slug":"escenificaran-por-primera-vez-la-heroica-batalla-de-azapampa-en-chilca","status":"publish","type":"post","link":"https:\/\/munichilca.gob.pe\/site\/2024\/12\/27\/escenificaran-por-primera-vez-la-heroica-batalla-de-azapampa-en-chilca\/","title":{"rendered":"ESCENIFICAR\u00c1N POR PRIMERA VEZ LA HEROICA BATALLA DE AZAPAMPA EN CHILCA"},"content":{"rendered":"<p>En un anuncio hist\u00f3rico, el alcalde del distrito de Chilca, C\u00e9sar Damas Laurente, inform\u00f3 que por primera vez en la historia se escenificar\u00e1 la heroica Batalla de Azapampa, protagonizada por los valientes comuneros wankas hace 204 a\u00f1os. Este evento conmemorativo se realizar\u00e1 este 29 de diciembre en el heroico \u00f3valo de Azapampa desde las 7 de la ma\u00f1ana, donde las autoridades iniciar\u00e1n con un paseo de la bandera e izamiento del pabell\u00f3n nacional en honor a los actos de resistencia patri\u00f3tica que marcaron un cap\u00edtulo crucial en la lucha por la independencia del Per\u00fa.<br \/>\nLa escenificaci\u00f3n tendr\u00e1 como protagonistas a los mismos comuneros de la zona, quienes representar\u00e1n con orgullo y autenticidad los sacrificios y la valent\u00eda de sus antepasados. Este esfuerzo busca revalorar y mantener vivo el legado hist\u00f3rico de la comunidad wanka, destacando su papel crucial en la resistencia contra el ej\u00e9rcito realista espa\u00f1ol comandado por Mariano Ricafort el 29 de diciembre de 1820.<br \/>\nEn la batalla, los wankas, a pesar de estar mal armados y enfrentar una notable desventaja estrat\u00e9gica, se opusieron valerosamente al poder\u00edo realista. Su hero\u00edsmo no solo inspir\u00f3 a las futuras generaciones, sino que tambi\u00e9n contribuy\u00f3 a que Huancayo sea reconocida como \u00abLa Ciudad Incontrastable\u00bb, un s\u00edmbolo de la resistencia patri\u00f3tica.<br \/>\nEl alcalde C\u00e9sar Damas destac\u00f3 la importancia de este evento como una oportunidad para fortalecer el esp\u00edritu c\u00edvico y patri\u00f3tico de la poblaci\u00f3n, adem\u00e1s de resaltar la identidad cultural de Chilca. \u00abEsta actividad no solo nos conecta con nuestra historia, sino que tambi\u00e9n es un homenaje a los h\u00e9roes wankas, cuyo sacrificio aliment\u00f3 el sue\u00f1o de la independencia. Invitamos a toda la poblaci\u00f3n a participar de los actos c\u00edvicos y patri\u00f3ticos de conmemoraci\u00f3n\u00bb, expres\u00f3 la autoridad edil.<br \/>\nLa jornada incluir\u00e1 un programa especial con ceremonias c\u00edvicas, desfile, representaciones culturales y actividades educativas para honrar la memoria de los comuneros wankas. Este evento promete ser un hito hist\u00f3rico y cultural para Chilca, destacando el compromiso del municipio con la preservaci\u00f3n y difusi\u00f3n de su rica herencia hist\u00f3rica.<br \/>\nLa invitaci\u00f3n est\u00e1 abierta a toda la comunidad, quienes podr\u00e1n ser testigos y part\u00edcipes de este emocionante tributo a la valent\u00eda y resistencia de nuestros antepasados. \u00a1Chilca se prepara para vivir una fecha inolvidable!.<\/p>\n","protected":false},"excerpt":{"rendered":"<p>En un anuncio hist\u00f3rico, el alcalde del distrito de Chilca, C\u00e9sar Damas Laurente, inform\u00f3 que por primera vez en la historia se escenificar\u00e1 la heroica Batalla de Azapampa, protagonizada por los valientes comuneros wankas hace 204 a\u00f1os. Este evento conmemorativo se realizar\u00e1 este 29 de diciembre en el heroico \u00f3valo de Azapampa desde las 7 [&hellip;]<\/p>\n","protected":false},"author":4,"featured_media":17423,"comment_status":"open","ping_status":"open","sticky":false,"template":"","format":"standard","meta":{"footnotes":""},"categories":[25],"tags":[],"class_list":["post-17422","post","type-post","status-publish","format-standard","has-post-thumbnail","hentry","category-noticias"],"blocksy_meta":[],"rttpg_featured_image_url":{"full":["https:\/\/munichilca.gob.pe\/site\/wp-content\/uploads\/2024\/12\/WhatsApp-Image-2024-12-26-at-4.28.00-PM.jpeg",1600,1066,false],"landscape":["https:\/\/munichilca.gob.pe\/site\/wp-content\/uploads\/2024\/12\/WhatsApp-Image-2024-12-26-at-4.28.00-PM.jpeg",1600,1066,false],"portraits":["https:\/\/munichilca.gob.pe\/site\/wp-content\/uploads\/2024\/12\/WhatsApp-Image-2024-12-26-at-4.28.00-PM.jpeg",1600,1066,false],"thumbnail":["https:\/\/munichilca.gob.pe\/site\/wp-content\/uploads\/2024\/12\/WhatsApp-Image-2024-12-26-at-4.28.00-PM-150x150.jpeg",150,150,true],"medium":["https:\/\/munichilca.gob.pe\/site\/wp-content\/uploads\/2024\/12\/WhatsApp-Image-2024-12-26-at-4.28.00-PM-300x200.jpeg",300,200,true],"large":["https:\/\/munichilca.gob.pe\/site\/wp-content\/uploads\/2024\/12\/WhatsApp-Image-2024-12-26-at-4.28.00-PM-1024x682.jpeg",1024,682,true],"1536x1536":["https:\/\/munichilca.gob.pe\/site\/wp-content\/uploads\/2024\/12\/WhatsApp-Image-2024-12-26-at-4.28.00-PM-1536x1023.jpeg",1536,1023,true],"2048x2048":["https:\/\/munichilca.gob.pe\/site\/wp-content\/uploads\/2024\/12\/WhatsApp-Image-2024-12-26-at-4.28.00-PM.jpeg",1600,1066,false],"tp-image-grid":["https:\/\/munichilca.gob.pe\/site\/wp-content\/uploads\/2024\/12\/WhatsApp-Image-2024-12-26-at-4.28.00-PM-700x700.jpeg",700,700,true]},"rttpg_author":{"display_name":"JGUTARRA","author_link":"https:\/\/munichilca.gob.pe\/site\/author\/jgutarra\/"},"rttpg_comment":0,"rttpg_category":"<a href=\"https:\/\/munichilca.gob.pe\/site\/category\/noticias\/\" rel=\"category tag\">Noticias<\/a>","rttpg_excerpt":"En un anuncio hist\u00f3rico, el alcalde del distrito de Chilca, C\u00e9sar Damas Laurente, inform\u00f3 que por primera vez en la historia se escenificar\u00e1 la heroica Batalla de Azapampa, protagonizada por los valientes comuneros wankas hace 204 a\u00f1os. Este evento conmemorativo se realizar\u00e1 este 29 de diciembre en el heroico \u00f3valo de Azapampa desde las 7&hellip;","_links":{"self":[{"href":"https:\/\/munichilca.gob.pe\/site\/wp-json\/wp\/v2\/posts\/17422","targetHints":{"allow":["GET"]}}],"collection":[{"href":"https:\/\/munichilca.gob.pe\/site\/wp-json\/wp\/v2\/posts"}],"about":[{"href":"https:\/\/munichilca.gob.pe\/site\/wp-json\/wp\/v2\/types\/post"}],"author":[{"embeddable":true,"href":"https:\/\/munichilca.gob.pe\/site\/wp-json\/wp\/v2\/users\/4"}],"replies":[{"embeddable":true,"href":"https:\/\/munichilca.gob.pe\/site\/wp-json\/wp\/v2\/comments?post=17422"}],"version-history":[{"count":0,"href":"https:\/\/munichilca.gob.pe\/site\/wp-json\/wp\/v2\/posts\/17422\/revisions"}],"wp:featuredmedia":[{"embeddable":true,"href":"https:\/\/munichilca.gob.pe\/site\/wp-json\/wp\/v2\/media\/17423"}],"wp:attachment":[{"href":"https:\/\/munichilca.gob.pe\/site\/wp-json\/wp\/v2\/media?parent=17422"}],"wp:term":[{"taxonomy":"category","embeddable":true,"href":"https:\/\/munichilca.gob.pe\/site\/wp-json\/wp\/v2\/categories?post=17422"},{"taxonomy":"post_tag","embeddable":true,"href":"https:\/\/munichilca.gob.pe\/site\/wp-json\/wp\/v2\/tags?post=17422"}],"curies":[{"name":"wp","href":"https:\/\/api.w.org\/{rel}","templated":true}]}}