{"id":17414,"date":"2025-01-09T12:19:04","date_gmt":"2025-01-09T12:19:04","guid":{"rendered":"https:\/\/munichilca.gob.pe\/site\/?p=9363"},"modified":"2025-01-09T12:19:04","modified_gmt":"2025-01-09T12:19:04","slug":"con-la-participacion-de-mas-de-100-actores-se-realizo-primera-escenificacion-de-la-batalla-de-azapampa","status":"publish","type":"post","link":"https:\/\/munichilca.gob.pe\/site\/2025\/01\/09\/con-la-participacion-de-mas-de-100-actores-se-realizo-primera-escenificacion-de-la-batalla-de-azapampa\/","title":{"rendered":"CON LA PARTICIPACI\u00d3N DE M\u00c1S DE 100 ACTORES SE REALIZ\u00d3 PRIMERA ESCENIFICACI\u00d3N DE LA BATALLA DE AZAPAMPA"},"content":{"rendered":"<p>El hist\u00f3rico monumento de Azapampa fue escenario de la emotiva ceremonia conmemorativa por los 204 a\u00f1os de la Heroica Batalla de Azapampa, donde las autoridades y la comunidad rindieron homenaje a los h\u00e9roes ca\u00eddos en defensa de la libertad.<br \/>\nLa ceremonia inici\u00f3 con una paraliturgia en honor a los ca\u00eddos, seguida del solemne izamiento del Pabell\u00f3n Nacional y los emblemas de la provincia de Huancayo y el distrito de Chilca. Posteriormente, se entregaron ofrendas florales como tributo a quienes dieron sus vidas en la lucha por la independencia.<br \/>\nEl evento cont\u00f3 con la destacada presencia del alcalde provincial de Huancayo, Dennys Cuba Rivera, y el burgomaestre de Chilca, C\u00e9sar Damas Laurente, entre otras autoridades locales y regionales. Durante su discurso central, el alcalde C\u00e9sar Damas reafirm\u00f3 su compromiso de fortalecer el apoyo a los comuneros mediante la ejecuci\u00f3n de m\u00e1s obras de saneamiento b\u00e1sico e infraestructura, e invit\u00f3 a la poblaci\u00f3n a revalorar esta gesta hist\u00f3rica ocurrida el 29 de diciembre de 1820.<br \/>\nEn su alocuci\u00f3n, el alcalde destac\u00f3 la importancia de esta batalla donde las fuerzas realistas espa\u00f1olas se enfrentaron contra los montoneros ind\u00edgenas aliados de la Expedici\u00f3n Libertadora, lo que permiti\u00f3 que Huancayo sea reconocida como la Ciudad Incontrastable. Asimismo, entreg\u00f3 resoluciones de alcald\u00eda a los art\u00edfices de la primera escenificaci\u00f3n teatral de este hist\u00f3rico enfrentamiento, nunca antes vista en la regi\u00f3n.<br \/>\nLa jornada culmin\u00f3 con la impactante escenificaci\u00f3n de la Batalla de Azapampa, protagonizada por m\u00e1s de 100 comuneros y soldados del Ej\u00e9rcito Peruano, quienes revivieron el enfrentamiento con un impecable despliegue. El p\u00fablico y las autoridades presentes ovacionaron la representaci\u00f3n, que concluy\u00f3 con un desfile c\u00edvico de las escoltas presentes.<br \/>\nLa Municipalidad Distrital de Chilca agradece a todos los participantes por su compromiso y entrega, reafirmando el compromiso de seguir promoviendo el valor hist\u00f3rico y cultural de nuestra tierra.<\/p>\n","protected":false},"excerpt":{"rendered":"<p>El hist\u00f3rico monumento de Azapampa fue escenario de la emotiva ceremonia conmemorativa por los 204 a\u00f1os de la Heroica Batalla de Azapampa, donde las autoridades y la comunidad rindieron homenaje a los h\u00e9roes ca\u00eddos en defensa de la libertad. La ceremonia inici\u00f3 con una paraliturgia en honor a los ca\u00eddos, seguida del solemne izamiento del [&hellip;]<\/p>\n","protected":false},"author":4,"featured_media":17415,"comment_status":"open","ping_status":"open","sticky":false,"template":"","format":"standard","meta":{"footnotes":""},"categories":[25],"tags":[],"class_list":["post-17414","post","type-post","status-publish","format-standard","has-post-thumbnail","hentry","category-noticias"],"blocksy_meta":[],"rttpg_featured_image_url":{"full":["https:\/\/munichilca.gob.pe\/site\/wp-content\/uploads\/2025\/01\/WhatsApp-Image-2024-12-29-at-13.02.14.jpeg",1600,1066,false],"landscape":["https:\/\/munichilca.gob.pe\/site\/wp-content\/uploads\/2025\/01\/WhatsApp-Image-2024-12-29-at-13.02.14.jpeg",1600,1066,false],"portraits":["https:\/\/munichilca.gob.pe\/site\/wp-content\/uploads\/2025\/01\/WhatsApp-Image-2024-12-29-at-13.02.14.jpeg",1600,1066,false],"thumbnail":["https:\/\/munichilca.gob.pe\/site\/wp-content\/uploads\/2025\/01\/WhatsApp-Image-2024-12-29-at-13.02.14-150x150.jpeg",150,150,true],"medium":["https:\/\/munichilca.gob.pe\/site\/wp-content\/uploads\/2025\/01\/WhatsApp-Image-2024-12-29-at-13.02.14-300x200.jpeg",300,200,true],"large":["https:\/\/munichilca.gob.pe\/site\/wp-content\/uploads\/2025\/01\/WhatsApp-Image-2024-12-29-at-13.02.14-1024x682.jpeg",1024,682,true],"1536x1536":["https:\/\/munichilca.gob.pe\/site\/wp-content\/uploads\/2025\/01\/WhatsApp-Image-2024-12-29-at-13.02.14-1536x1023.jpeg",1536,1023,true],"2048x2048":["https:\/\/munichilca.gob.pe\/site\/wp-content\/uploads\/2025\/01\/WhatsApp-Image-2024-12-29-at-13.02.14.jpeg",1600,1066,false],"tp-image-grid":["https:\/\/munichilca.gob.pe\/site\/wp-content\/uploads\/2025\/01\/WhatsApp-Image-2024-12-29-at-13.02.14-700x700.jpeg",700,700,true]},"rttpg_author":{"display_name":"JGUTARRA","author_link":"https:\/\/munichilca.gob.pe\/site\/author\/jgutarra\/"},"rttpg_comment":0,"rttpg_category":"<a href=\"https:\/\/munichilca.gob.pe\/site\/category\/noticias\/\" rel=\"category tag\">Noticias<\/a>","rttpg_excerpt":"El hist\u00f3rico monumento de Azapampa fue escenario de la emotiva ceremonia conmemorativa por los 204 a\u00f1os de la Heroica Batalla de Azapampa, donde las autoridades y la comunidad rindieron homenaje a los h\u00e9roes ca\u00eddos en defensa de la libertad. La ceremonia inici\u00f3 con una paraliturgia en honor a los ca\u00eddos, seguida del solemne izamiento del&hellip;","_links":{"self":[{"href":"https:\/\/munichilca.gob.pe\/site\/wp-json\/wp\/v2\/posts\/17414","targetHints":{"allow":["GET"]}}],"collection":[{"href":"https:\/\/munichilca.gob.pe\/site\/wp-json\/wp\/v2\/posts"}],"about":[{"href":"https:\/\/munichilca.gob.pe\/site\/wp-json\/wp\/v2\/types\/post"}],"author":[{"embeddable":true,"href":"https:\/\/munichilca.gob.pe\/site\/wp-json\/wp\/v2\/users\/4"}],"replies":[{"embeddable":true,"href":"https:\/\/munichilca.gob.pe\/site\/wp-json\/wp\/v2\/comments?post=17414"}],"version-history":[{"count":0,"href":"https:\/\/munichilca.gob.pe\/site\/wp-json\/wp\/v2\/posts\/17414\/revisions"}],"wp:featuredmedia":[{"embeddable":true,"href":"https:\/\/munichilca.gob.pe\/site\/wp-json\/wp\/v2\/media\/17415"}],"wp:attachment":[{"href":"https:\/\/munichilca.gob.pe\/site\/wp-json\/wp\/v2\/media?parent=17414"}],"wp:term":[{"taxonomy":"category","embeddable":true,"href":"https:\/\/munichilca.gob.pe\/site\/wp-json\/wp\/v2\/categories?post=17414"},{"taxonomy":"post_tag","embeddable":true,"href":"https:\/\/munichilca.gob.pe\/site\/wp-json\/wp\/v2\/tags?post=17414"}],"curies":[{"name":"wp","href":"https:\/\/api.w.org\/{rel}","templated":true}]}}