{"id":17404,"date":"2025-01-09T12:26:06","date_gmt":"2025-01-09T12:26:06","guid":{"rendered":"https:\/\/munichilca.gob.pe\/site\/?p=9378"},"modified":"2025-01-09T12:26:06","modified_gmt":"2025-01-09T12:26:06","slug":"profesores-destacados-impartiran-talleres-de-verano-2025-en-chilca","status":"publish","type":"post","link":"https:\/\/munichilca.gob.pe\/site\/2025\/01\/09\/profesores-destacados-impartiran-talleres-de-verano-2025-en-chilca\/","title":{"rendered":"PROFESORES DESTACADOS IMPARTIR\u00c1N TALLERES DE VERANO 2025 EN CHILCA"},"content":{"rendered":"<p>El Instituto de Cultura del distrito de Chilca anuncia con entusiasmo la apertura de los Talleres de Verano 2025, que iniciar\u00e1n el lunes 13 de enero. Estas actividades est\u00e1n dirigidas a ni\u00f1os y j\u00f3venes, con el objetivo de brindar un espacio din\u00e1mico y formativo durante las vacaciones escolares.<br \/>\nLos talleres ser\u00e1n impartidos por docentes de gran trayectoria en el \u00e1mbito deportivo y cultural, quienes compartir\u00e1n sus conocimientos y experiencias para motivar y fortalecer las habilidades de los participantes. Entre las disciplinas ofrecidas se encuentran el baile moderno, etiqueta y modelaje, danzas folcl\u00f3ricas, m\u00fasica, ajedrez, teatro, dibujo y pintura, oratoria, canto, tae kwon do, marinera, f\u00fatbol, v\u00f3ley.<br \/>\nLos talleres se llevar\u00e1n a cabo de lunes a s\u00e1bado, en el horario de 9:00 a.m. a 1:00 p.m. El costo de inversi\u00f3n es de S\/ 50.00. Las matr\u00edculas ya est\u00e1n abiertas y pueden realizarse en las instalaciones del Instituto de Cultura de Chilca, ubicado en Av. 9 de Diciembre 406. Para m\u00e1s informaci\u00f3n, los interesados pueden comunicarse a los n\u00fameros 907148741 y 943417073.<br \/>\nEl Subgerente de Cultura, Juan Pineda Larzo, destac\u00f3 el \u00e9xito alcanzado en ediciones anteriores y expres\u00f3 su confianza en que esta nueva temporada ser\u00e1 igual de fruct\u00edfera. \u00abInvitamos a toda la juventud del distrito a ser parte de esta experiencia que no solo entretiene, sino tambi\u00e9n forma y motiva a nuestros participantes\u00bb, coment\u00f3.<br \/>\nPor su parte, el alcalde C\u00e9sar Damas Laurente resalt\u00f3 que esta iniciativa busca fortalecer las habilidades y talentos de los j\u00f3venes de Chilca. \u00abNuestros ni\u00f1os y j\u00f3venes tendr\u00e1n acceso a actividades que les permitan aprender y divertirse al mismo tiempo. Es una oportunidad para descubrir y potenciar sus talentos en un ambiente seguro y saludable\u00bb, indic\u00f3.<br \/>\nCon esta propuesta, el Instituto de Cultura reafirma su compromiso de fomentar el desarrollo integral de la juventud de Chilca, proporcionando herramientas para el crecimiento personal y acad\u00e9mico.<\/p>\n","protected":false},"excerpt":{"rendered":"<p>El Instituto de Cultura del distrito de Chilca anuncia con entusiasmo la apertura de los Talleres de Verano 2025, que iniciar\u00e1n el lunes 13 de enero. Estas actividades est\u00e1n dirigidas a ni\u00f1os y j\u00f3venes, con el objetivo de brindar un espacio din\u00e1mico y formativo durante las vacaciones escolares. Los talleres ser\u00e1n impartidos por docentes de [&hellip;]<\/p>\n","protected":false},"author":4,"featured_media":17405,"comment_status":"open","ping_status":"open","sticky":false,"template":"","format":"standard","meta":{"footnotes":""},"categories":[25],"tags":[],"class_list":["post-17404","post","type-post","status-publish","format-standard","has-post-thumbnail","hentry","category-noticias"],"blocksy_meta":[],"rttpg_featured_image_url":{"full":["https:\/\/munichilca.gob.pe\/site\/wp-content\/uploads\/2025\/01\/WhatsApp-Image-2025-01-07-at-12.59.36.jpeg",1600,1066,false],"landscape":["https:\/\/munichilca.gob.pe\/site\/wp-content\/uploads\/2025\/01\/WhatsApp-Image-2025-01-07-at-12.59.36.jpeg",1600,1066,false],"portraits":["https:\/\/munichilca.gob.pe\/site\/wp-content\/uploads\/2025\/01\/WhatsApp-Image-2025-01-07-at-12.59.36.jpeg",1600,1066,false],"thumbnail":["https:\/\/munichilca.gob.pe\/site\/wp-content\/uploads\/2025\/01\/WhatsApp-Image-2025-01-07-at-12.59.36-150x150.jpeg",150,150,true],"medium":["https:\/\/munichilca.gob.pe\/site\/wp-content\/uploads\/2025\/01\/WhatsApp-Image-2025-01-07-at-12.59.36-300x200.jpeg",300,200,true],"large":["https:\/\/munichilca.gob.pe\/site\/wp-content\/uploads\/2025\/01\/WhatsApp-Image-2025-01-07-at-12.59.36-1024x682.jpeg",1024,682,true],"1536x1536":["https:\/\/munichilca.gob.pe\/site\/wp-content\/uploads\/2025\/01\/WhatsApp-Image-2025-01-07-at-12.59.36-1536x1023.jpeg",1536,1023,true],"2048x2048":["https:\/\/munichilca.gob.pe\/site\/wp-content\/uploads\/2025\/01\/WhatsApp-Image-2025-01-07-at-12.59.36.jpeg",1600,1066,false],"tp-image-grid":["https:\/\/munichilca.gob.pe\/site\/wp-content\/uploads\/2025\/01\/WhatsApp-Image-2025-01-07-at-12.59.36-700x700.jpeg",700,700,true]},"rttpg_author":{"display_name":"JGUTARRA","author_link":"https:\/\/munichilca.gob.pe\/site\/author\/jgutarra\/"},"rttpg_comment":0,"rttpg_category":"<a href=\"https:\/\/munichilca.gob.pe\/site\/category\/noticias\/\" rel=\"category tag\">Noticias<\/a>","rttpg_excerpt":"El Instituto de Cultura del distrito de Chilca anuncia con entusiasmo la apertura de los Talleres de Verano 2025, que iniciar\u00e1n el lunes 13 de enero. Estas actividades est\u00e1n dirigidas a ni\u00f1os y j\u00f3venes, con el objetivo de brindar un espacio din\u00e1mico y formativo durante las vacaciones escolares. Los talleres ser\u00e1n impartidos por docentes de&hellip;","_links":{"self":[{"href":"https:\/\/munichilca.gob.pe\/site\/wp-json\/wp\/v2\/posts\/17404","targetHints":{"allow":["GET"]}}],"collection":[{"href":"https:\/\/munichilca.gob.pe\/site\/wp-json\/wp\/v2\/posts"}],"about":[{"href":"https:\/\/munichilca.gob.pe\/site\/wp-json\/wp\/v2\/types\/post"}],"author":[{"embeddable":true,"href":"https:\/\/munichilca.gob.pe\/site\/wp-json\/wp\/v2\/users\/4"}],"replies":[{"embeddable":true,"href":"https:\/\/munichilca.gob.pe\/site\/wp-json\/wp\/v2\/comments?post=17404"}],"version-history":[{"count":0,"href":"https:\/\/munichilca.gob.pe\/site\/wp-json\/wp\/v2\/posts\/17404\/revisions"}],"wp:featuredmedia":[{"embeddable":true,"href":"https:\/\/munichilca.gob.pe\/site\/wp-json\/wp\/v2\/media\/17405"}],"wp:attachment":[{"href":"https:\/\/munichilca.gob.pe\/site\/wp-json\/wp\/v2\/media?parent=17404"}],"wp:term":[{"taxonomy":"category","embeddable":true,"href":"https:\/\/munichilca.gob.pe\/site\/wp-json\/wp\/v2\/categories?post=17404"},{"taxonomy":"post_tag","embeddable":true,"href":"https:\/\/munichilca.gob.pe\/site\/wp-json\/wp\/v2\/tags?post=17404"}],"curies":[{"name":"wp","href":"https:\/\/api.w.org\/{rel}","templated":true}]}}