{"id":17386,"date":"2025-01-23T12:34:36","date_gmt":"2025-01-23T12:34:36","guid":{"rendered":"https:\/\/munichilca.gob.pe\/site\/?p=9414"},"modified":"2025-01-23T12:34:36","modified_gmt":"2025-01-23T12:34:36","slug":"inicio-exitoso-de-los-talleres-de-vacaciones-utiles-2025-en-chilca","status":"publish","type":"post","link":"https:\/\/munichilca.gob.pe\/site\/2025\/01\/23\/inicio-exitoso-de-los-talleres-de-vacaciones-utiles-2025-en-chilca\/","title":{"rendered":"INICIO EXITOSO DE LOS TALLERES DE VACACIONES \u00daTILES 2025 EN CHILCA"},"content":{"rendered":"<p>La Municipalidad Distrital de Chilca, a trav\u00e9s del Instituto de Cultura, dio inicio con \u00e9xito a los Talleres de Vacaciones \u00datiles 2025, una iniciativa dirigida a beneficiar a los j\u00f3venes del distrito. Este programa educativo y cultural cuenta con la participaci\u00f3n de m\u00e1s de 600 alumnos distribuidos en los turnos de ma\u00f1ana y tarde.<br \/>\nAdem\u00e1s de las clases en los 12 talleres ofrecidos, los estudiantes tienen acceso a servicios complementarios que fortalecen su desarrollo integral. Gracias a un convenio entre el Centro Odontol\u00f3gico Municipal y profesionales de la Universidad Peruana Los Andes, los alumnos pueden acceder a atenciones odontol\u00f3gicas, visuales y psicol\u00f3gicas. Asimismo, se les brinda libre acceso a la biblioteca f\u00edsica y virtual del municipio.<br \/>\nLas clases se desarrollan en las aulas del Colegio Bertolt Brecht, donde tambi\u00e9n se lleva a cabo el taller de nivelaci\u00f3n acad\u00e9mica dirigido a estudiantes de primaria y secundaria. Este espacio busca reforzar conocimientos y preparar mejor a los j\u00f3venes para el inicio del a\u00f1o escolar.<br \/>\nEl subgerente del Instituto de Cultura, Lic. Juan Pineda Larzo, destac\u00f3 que el programa cuenta con el apoyo de cuatro psic\u00f3logos especializados, quienes est\u00e1n al servicio de los estudiantes. Estos profesionales brindan orientaci\u00f3n vocacional a los j\u00f3venes que a\u00fan no han decidido qu\u00e9 carrera seguir, as\u00ed como apoyo en otras consultas relacionadas con su bienestar emocional.<br \/>\nCon esta iniciativa, la Municipalidad Distrital de Chilca reafirma su compromiso con el desarrollo integral de la juventud, promoviendo oportunidades educativas, culturales y de salud que contribuyan a su formaci\u00f3n y futuro \u00e9xito.<\/p>\n","protected":false},"excerpt":{"rendered":"<p>La Municipalidad Distrital de Chilca, a trav\u00e9s del Instituto de Cultura, dio inicio con \u00e9xito a los Talleres de Vacaciones \u00datiles 2025, una iniciativa dirigida a beneficiar a los j\u00f3venes del distrito. Este programa educativo y cultural cuenta con la participaci\u00f3n de m\u00e1s de 600 alumnos distribuidos en los turnos de ma\u00f1ana y tarde. Adem\u00e1s [&hellip;]<\/p>\n","protected":false},"author":4,"featured_media":17387,"comment_status":"open","ping_status":"open","sticky":false,"template":"","format":"standard","meta":{"footnotes":""},"categories":[25],"tags":[],"class_list":["post-17386","post","type-post","status-publish","format-standard","has-post-thumbnail","hentry","category-noticias"],"blocksy_meta":[],"rttpg_featured_image_url":{"full":["https:\/\/munichilca.gob.pe\/site\/wp-content\/uploads\/2025\/01\/WhatsApp-Image-2025-01-13-at-12.23.26.jpeg",1600,1066,false],"landscape":["https:\/\/munichilca.gob.pe\/site\/wp-content\/uploads\/2025\/01\/WhatsApp-Image-2025-01-13-at-12.23.26.jpeg",1600,1066,false],"portraits":["https:\/\/munichilca.gob.pe\/site\/wp-content\/uploads\/2025\/01\/WhatsApp-Image-2025-01-13-at-12.23.26.jpeg",1600,1066,false],"thumbnail":["https:\/\/munichilca.gob.pe\/site\/wp-content\/uploads\/2025\/01\/WhatsApp-Image-2025-01-13-at-12.23.26-150x150.jpeg",150,150,true],"medium":["https:\/\/munichilca.gob.pe\/site\/wp-content\/uploads\/2025\/01\/WhatsApp-Image-2025-01-13-at-12.23.26-300x200.jpeg",300,200,true],"large":["https:\/\/munichilca.gob.pe\/site\/wp-content\/uploads\/2025\/01\/WhatsApp-Image-2025-01-13-at-12.23.26-1024x682.jpeg",1024,682,true],"1536x1536":["https:\/\/munichilca.gob.pe\/site\/wp-content\/uploads\/2025\/01\/WhatsApp-Image-2025-01-13-at-12.23.26-1536x1023.jpeg",1536,1023,true],"2048x2048":["https:\/\/munichilca.gob.pe\/site\/wp-content\/uploads\/2025\/01\/WhatsApp-Image-2025-01-13-at-12.23.26.jpeg",1600,1066,false],"tp-image-grid":["https:\/\/munichilca.gob.pe\/site\/wp-content\/uploads\/2025\/01\/WhatsApp-Image-2025-01-13-at-12.23.26-700x700.jpeg",700,700,true]},"rttpg_author":{"display_name":"JGUTARRA","author_link":"https:\/\/munichilca.gob.pe\/site\/author\/jgutarra\/"},"rttpg_comment":0,"rttpg_category":"<a href=\"https:\/\/munichilca.gob.pe\/site\/category\/noticias\/\" rel=\"category tag\">Noticias<\/a>","rttpg_excerpt":"La Municipalidad Distrital de Chilca, a trav\u00e9s del Instituto de Cultura, dio inicio con \u00e9xito a los Talleres de Vacaciones \u00datiles 2025, una iniciativa dirigida a beneficiar a los j\u00f3venes del distrito. Este programa educativo y cultural cuenta con la participaci\u00f3n de m\u00e1s de 600 alumnos distribuidos en los turnos de ma\u00f1ana y tarde. Adem\u00e1s&hellip;","_links":{"self":[{"href":"https:\/\/munichilca.gob.pe\/site\/wp-json\/wp\/v2\/posts\/17386","targetHints":{"allow":["GET"]}}],"collection":[{"href":"https:\/\/munichilca.gob.pe\/site\/wp-json\/wp\/v2\/posts"}],"about":[{"href":"https:\/\/munichilca.gob.pe\/site\/wp-json\/wp\/v2\/types\/post"}],"author":[{"embeddable":true,"href":"https:\/\/munichilca.gob.pe\/site\/wp-json\/wp\/v2\/users\/4"}],"replies":[{"embeddable":true,"href":"https:\/\/munichilca.gob.pe\/site\/wp-json\/wp\/v2\/comments?post=17386"}],"version-history":[{"count":0,"href":"https:\/\/munichilca.gob.pe\/site\/wp-json\/wp\/v2\/posts\/17386\/revisions"}],"wp:featuredmedia":[{"embeddable":true,"href":"https:\/\/munichilca.gob.pe\/site\/wp-json\/wp\/v2\/media\/17387"}],"wp:attachment":[{"href":"https:\/\/munichilca.gob.pe\/site\/wp-json\/wp\/v2\/media?parent=17386"}],"wp:term":[{"taxonomy":"category","embeddable":true,"href":"https:\/\/munichilca.gob.pe\/site\/wp-json\/wp\/v2\/categories?post=17386"},{"taxonomy":"post_tag","embeddable":true,"href":"https:\/\/munichilca.gob.pe\/site\/wp-json\/wp\/v2\/tags?post=17386"}],"curies":[{"name":"wp","href":"https:\/\/api.w.org\/{rel}","templated":true}]}}