{"id":17376,"date":"2025-01-23T12:40:24","date_gmt":"2025-01-23T12:40:24","guid":{"rendered":"https:\/\/munichilca.gob.pe\/site\/?p=9429"},"modified":"2025-01-23T12:40:24","modified_gmt":"2025-01-23T12:40:24","slug":"en-chilca-continuan-con-plantaciones-en-el-campo-zonal-de-coto-coto","status":"publish","type":"post","link":"https:\/\/munichilca.gob.pe\/site\/2025\/01\/23\/en-chilca-continuan-con-plantaciones-en-el-campo-zonal-de-coto-coto\/","title":{"rendered":"EN CHILCA CONTIN\u00daAN CON PLANTACIONES EN EL CAMPO ZONAL DE COTO COTO"},"content":{"rendered":"<p>La Municipalidad Distrital de Chilca, a trav\u00e9s de la Gerencia de Servicios P\u00fablicos y Medio Ambiente, viene impulsando un ambicioso proyecto de reforestaci\u00f3n y embellecimiento en las \u00e1reas verdes del Campo Zonal de Coto Coto.<\/p>\n<p>Este esfuerzo articulado cuenta con la valiosa participaci\u00f3n de instituciones educativas como la Universidad Nacional del Centro del Per\u00fa, la Universidad Continental, la Universidad Peruana Los Andes y el emblem\u00e1tico Colegio Santa Isabel.<br \/>\nEn la actividad m\u00e1s reciente, el personal municipal tras una jornada de limpieza y mantenimiento que incluy\u00f3 la plantaci\u00f3n de diversas especies de plantas y \u00e1rboles.<\/p>\n<p>El gerente de Servicios P\u00fablicos y Medio Ambiente, Tito Orellana, anunci\u00f3 que el objetivo es plantar 800 \u00e1rboles y plantas en todo el Campo Zonal de Coto Coto, con el apoyo de instituciones educativas y el constante trabajo del personal de Parques y Jardines.<\/p>\n<p>Esta iniciativa no solo busca mejorar la calidad ambiental del distrito, sino tambi\u00e9n promover la educaci\u00f3n ambiental en la ciudadan\u00eda, reforzando el mensaje de que el cuidado del entorno es una tarea colectiva.<\/p>\n<p>La Municipalidad Distrital de Chilca reafirma su compromiso de trabajar junto con la comunidad y las instituciones para construir un distrito m\u00e1s verde y sostenible.<\/p>\n","protected":false},"excerpt":{"rendered":"<p>La Municipalidad Distrital de Chilca, a trav\u00e9s de la Gerencia de Servicios P\u00fablicos y Medio Ambiente, viene impulsando un ambicioso proyecto de reforestaci\u00f3n y embellecimiento en las \u00e1reas verdes del Campo Zonal de Coto Coto. Este esfuerzo articulado cuenta con la valiosa participaci\u00f3n de instituciones educativas como la Universidad Nacional del Centro del Per\u00fa, la [&hellip;]<\/p>\n","protected":false},"author":4,"featured_media":17377,"comment_status":"open","ping_status":"open","sticky":false,"template":"","format":"standard","meta":{"footnotes":""},"categories":[25],"tags":[],"class_list":["post-17376","post","type-post","status-publish","format-standard","has-post-thumbnail","hentry","category-noticias"],"blocksy_meta":[],"rttpg_featured_image_url":{"full":["https:\/\/munichilca.gob.pe\/site\/wp-content\/uploads\/2025\/01\/WhatsApp-Image-2025-01-16-at-12.55.16.jpeg",1600,1066,false],"landscape":["https:\/\/munichilca.gob.pe\/site\/wp-content\/uploads\/2025\/01\/WhatsApp-Image-2025-01-16-at-12.55.16.jpeg",1600,1066,false],"portraits":["https:\/\/munichilca.gob.pe\/site\/wp-content\/uploads\/2025\/01\/WhatsApp-Image-2025-01-16-at-12.55.16.jpeg",1600,1066,false],"thumbnail":["https:\/\/munichilca.gob.pe\/site\/wp-content\/uploads\/2025\/01\/WhatsApp-Image-2025-01-16-at-12.55.16-150x150.jpeg",150,150,true],"medium":["https:\/\/munichilca.gob.pe\/site\/wp-content\/uploads\/2025\/01\/WhatsApp-Image-2025-01-16-at-12.55.16-300x200.jpeg",300,200,true],"large":["https:\/\/munichilca.gob.pe\/site\/wp-content\/uploads\/2025\/01\/WhatsApp-Image-2025-01-16-at-12.55.16-1024x682.jpeg",1024,682,true],"1536x1536":["https:\/\/munichilca.gob.pe\/site\/wp-content\/uploads\/2025\/01\/WhatsApp-Image-2025-01-16-at-12.55.16-1536x1023.jpeg",1536,1023,true],"2048x2048":["https:\/\/munichilca.gob.pe\/site\/wp-content\/uploads\/2025\/01\/WhatsApp-Image-2025-01-16-at-12.55.16.jpeg",1600,1066,false],"tp-image-grid":["https:\/\/munichilca.gob.pe\/site\/wp-content\/uploads\/2025\/01\/WhatsApp-Image-2025-01-16-at-12.55.16-700x700.jpeg",700,700,true]},"rttpg_author":{"display_name":"JGUTARRA","author_link":"https:\/\/munichilca.gob.pe\/site\/author\/jgutarra\/"},"rttpg_comment":0,"rttpg_category":"<a href=\"https:\/\/munichilca.gob.pe\/site\/category\/noticias\/\" rel=\"category tag\">Noticias<\/a>","rttpg_excerpt":"La Municipalidad Distrital de Chilca, a trav\u00e9s de la Gerencia de Servicios P\u00fablicos y Medio Ambiente, viene impulsando un ambicioso proyecto de reforestaci\u00f3n y embellecimiento en las \u00e1reas verdes del Campo Zonal de Coto Coto. Este esfuerzo articulado cuenta con la valiosa participaci\u00f3n de instituciones educativas como la Universidad Nacional del Centro del Per\u00fa, la&hellip;","_links":{"self":[{"href":"https:\/\/munichilca.gob.pe\/site\/wp-json\/wp\/v2\/posts\/17376","targetHints":{"allow":["GET"]}}],"collection":[{"href":"https:\/\/munichilca.gob.pe\/site\/wp-json\/wp\/v2\/posts"}],"about":[{"href":"https:\/\/munichilca.gob.pe\/site\/wp-json\/wp\/v2\/types\/post"}],"author":[{"embeddable":true,"href":"https:\/\/munichilca.gob.pe\/site\/wp-json\/wp\/v2\/users\/4"}],"replies":[{"embeddable":true,"href":"https:\/\/munichilca.gob.pe\/site\/wp-json\/wp\/v2\/comments?post=17376"}],"version-history":[{"count":0,"href":"https:\/\/munichilca.gob.pe\/site\/wp-json\/wp\/v2\/posts\/17376\/revisions"}],"wp:featuredmedia":[{"embeddable":true,"href":"https:\/\/munichilca.gob.pe\/site\/wp-json\/wp\/v2\/media\/17377"}],"wp:attachment":[{"href":"https:\/\/munichilca.gob.pe\/site\/wp-json\/wp\/v2\/media?parent=17376"}],"wp:term":[{"taxonomy":"category","embeddable":true,"href":"https:\/\/munichilca.gob.pe\/site\/wp-json\/wp\/v2\/categories?post=17376"},{"taxonomy":"post_tag","embeddable":true,"href":"https:\/\/munichilca.gob.pe\/site\/wp-json\/wp\/v2\/tags?post=17376"}],"curies":[{"name":"wp","href":"https:\/\/api.w.org\/{rel}","templated":true}]}}