{"id":17366,"date":"2025-01-23T12:45:31","date_gmt":"2025-01-23T12:45:31","guid":{"rendered":"https:\/\/munichilca.gob.pe\/site\/?p=9444"},"modified":"2025-01-23T12:45:31","modified_gmt":"2025-01-23T12:45:31","slug":"municipalidad-de-chilca-organiza-feria-informativa-para-jovenes","status":"publish","type":"post","link":"https:\/\/munichilca.gob.pe\/site\/2025\/01\/23\/municipalidad-de-chilca-organiza-feria-informativa-para-jovenes\/","title":{"rendered":"MUNICIPALIDAD DE CHILCA ORGANIZA FERIA INFORMATIVA PARA JOVENES"},"content":{"rendered":"<p>La Municipalidad Distrital de Chilca, a trav\u00e9s de la Subgerencia del Instituto de Cultura y la academia Muni Chilca, invita a los estudiantes egresados, alumnos del 5\u00b0 grado de secundaria, preseleccionados de Beca 18, as\u00ed como a sus padres, a participar en una feria informativa orientada a brindar detalles sobre las oportunidades educativas y el acceso al programa Beca 18.<\/p>\n<p>El evento se llevar\u00e1 a cabo este mi\u00e9rcoles 22 de enero, a partir de las 8:30 a.m., en el Centro de Convenciones Shullkas. La feria contar\u00e1 con la participaci\u00f3n de prestigiosas universidades reconocidas a nivel nacional y representantes del Programa Nacional de Becas y Cr\u00e9dito Educativo (PRONABEC).<\/p>\n<p>Durante el anuncio oficial, realizado en una rueda de prensa, el subgerente del Instituto de Cultura, Lic. Juan Pineda Larzo, destac\u00f3 que el objetivo de esta actividad es impulsar la inclusi\u00f3n educativa de los j\u00f3venes de Chilca, promoviendo su ingreso a universidades nacionales a trav\u00e9s del programa Beca 18. Adem\u00e1s, el evento ofrecer\u00e1 informaci\u00f3n clave para padres interesados en conocer las opciones y beneficios del programa.<\/p>\n<p>La Municipalidad Distrital de Chilca reafirma su compromiso con la educaci\u00f3n y desarrollo de los j\u00f3venes de la comunidad.<\/p>\n","protected":false},"excerpt":{"rendered":"<p>La Municipalidad Distrital de Chilca, a trav\u00e9s de la Subgerencia del Instituto de Cultura y la academia Muni Chilca, invita a los estudiantes egresados, alumnos del 5\u00b0 grado de secundaria, preseleccionados de Beca 18, as\u00ed como a sus padres, a participar en una feria informativa orientada a brindar detalles sobre las oportunidades educativas y el [&hellip;]<\/p>\n","protected":false},"author":4,"featured_media":17367,"comment_status":"open","ping_status":"open","sticky":false,"template":"","format":"standard","meta":{"footnotes":""},"categories":[25],"tags":[],"class_list":["post-17366","post","type-post","status-publish","format-standard","has-post-thumbnail","hentry","category-noticias"],"blocksy_meta":[],"rttpg_featured_image_url":{"full":["https:\/\/munichilca.gob.pe\/site\/wp-content\/uploads\/2025\/01\/WhatsApp-Image-2025-01-20-at-13.41.11.jpeg",1600,1066,false],"landscape":["https:\/\/munichilca.gob.pe\/site\/wp-content\/uploads\/2025\/01\/WhatsApp-Image-2025-01-20-at-13.41.11.jpeg",1600,1066,false],"portraits":["https:\/\/munichilca.gob.pe\/site\/wp-content\/uploads\/2025\/01\/WhatsApp-Image-2025-01-20-at-13.41.11.jpeg",1600,1066,false],"thumbnail":["https:\/\/munichilca.gob.pe\/site\/wp-content\/uploads\/2025\/01\/WhatsApp-Image-2025-01-20-at-13.41.11-150x150.jpeg",150,150,true],"medium":["https:\/\/munichilca.gob.pe\/site\/wp-content\/uploads\/2025\/01\/WhatsApp-Image-2025-01-20-at-13.41.11-300x200.jpeg",300,200,true],"large":["https:\/\/munichilca.gob.pe\/site\/wp-content\/uploads\/2025\/01\/WhatsApp-Image-2025-01-20-at-13.41.11-1024x682.jpeg",1024,682,true],"1536x1536":["https:\/\/munichilca.gob.pe\/site\/wp-content\/uploads\/2025\/01\/WhatsApp-Image-2025-01-20-at-13.41.11-1536x1023.jpeg",1536,1023,true],"2048x2048":["https:\/\/munichilca.gob.pe\/site\/wp-content\/uploads\/2025\/01\/WhatsApp-Image-2025-01-20-at-13.41.11.jpeg",1600,1066,false],"tp-image-grid":["https:\/\/munichilca.gob.pe\/site\/wp-content\/uploads\/2025\/01\/WhatsApp-Image-2025-01-20-at-13.41.11-700x700.jpeg",700,700,true]},"rttpg_author":{"display_name":"JGUTARRA","author_link":"https:\/\/munichilca.gob.pe\/site\/author\/jgutarra\/"},"rttpg_comment":0,"rttpg_category":"<a href=\"https:\/\/munichilca.gob.pe\/site\/category\/noticias\/\" rel=\"category tag\">Noticias<\/a>","rttpg_excerpt":"La Municipalidad Distrital de Chilca, a trav\u00e9s de la Subgerencia del Instituto de Cultura y la academia Muni Chilca, invita a los estudiantes egresados, alumnos del 5\u00b0 grado de secundaria, preseleccionados de Beca 18, as\u00ed como a sus padres, a participar en una feria informativa orientada a brindar detalles sobre las oportunidades educativas y el&hellip;","_links":{"self":[{"href":"https:\/\/munichilca.gob.pe\/site\/wp-json\/wp\/v2\/posts\/17366","targetHints":{"allow":["GET"]}}],"collection":[{"href":"https:\/\/munichilca.gob.pe\/site\/wp-json\/wp\/v2\/posts"}],"about":[{"href":"https:\/\/munichilca.gob.pe\/site\/wp-json\/wp\/v2\/types\/post"}],"author":[{"embeddable":true,"href":"https:\/\/munichilca.gob.pe\/site\/wp-json\/wp\/v2\/users\/4"}],"replies":[{"embeddable":true,"href":"https:\/\/munichilca.gob.pe\/site\/wp-json\/wp\/v2\/comments?post=17366"}],"version-history":[{"count":0,"href":"https:\/\/munichilca.gob.pe\/site\/wp-json\/wp\/v2\/posts\/17366\/revisions"}],"wp:featuredmedia":[{"embeddable":true,"href":"https:\/\/munichilca.gob.pe\/site\/wp-json\/wp\/v2\/media\/17367"}],"wp:attachment":[{"href":"https:\/\/munichilca.gob.pe\/site\/wp-json\/wp\/v2\/media?parent=17366"}],"wp:term":[{"taxonomy":"category","embeddable":true,"href":"https:\/\/munichilca.gob.pe\/site\/wp-json\/wp\/v2\/categories?post=17366"},{"taxonomy":"post_tag","embeddable":true,"href":"https:\/\/munichilca.gob.pe\/site\/wp-json\/wp\/v2\/tags?post=17366"}],"curies":[{"name":"wp","href":"https:\/\/api.w.org\/{rel}","templated":true}]}}