{"id":17352,"date":"2025-01-28T08:08:39","date_gmt":"2025-01-28T08:08:39","guid":{"rendered":"https:\/\/munichilca.gob.pe\/site\/?p=9470"},"modified":"2025-01-28T08:08:39","modified_gmt":"2025-01-28T08:08:39","slug":"ninos-aprenden-la-importancia-del-consumo-de-pescado","status":"publish","type":"post","link":"https:\/\/munichilca.gob.pe\/site\/2025\/01\/28\/ninos-aprenden-la-importancia-del-consumo-de-pescado\/","title":{"rendered":"NI\u00d1OS APRENDEN LA IMPORTANCIA DEL CONSUMO DE PESCADO"},"content":{"rendered":"<p>Con el objetivo de promover h\u00e1bitos alimenticios saludables desde temprana edad, se llev\u00f3 a cabo una sesi\u00f3n educativa y taller de nutrici\u00f3n dirigida a los alumnos de reforzamiento del nivel primario de la Academia Municipal de Chilca. Esta actividad, organizada por los nutricionistas del Ministerio de la Producci\u00f3n a trav\u00e9s de su programa nacional \u201cA Comer Pescado\u201d, destac\u00f3 la importancia del consumo de pescado y conservas marinas en todas sus variedades.<br \/>\nEl taller Minichef se desarroll\u00f3 en las instalaciones del Colegio Bertolt Brecht y cont\u00f3 con la entusiasta participaci\u00f3n de m\u00e1s de 30 ni\u00f1os. Durante la sesi\u00f3n, los peque\u00f1os participaron en din\u00e1micas interactivas y aprendieron de manera pr\u00e1ctica y divertida que incluir pescado en su dieta es nutritivo y beneficioso para la salud.<br \/>\nEsta iniciativa fue posible gracias al convenio entre la Municipalidad Distrital de Chilca, a trav\u00e9s de la Gerencia de Desarrollo Social, y el Ministerio de la Producci\u00f3n, reafirmando su compromiso por el bienestar y la formaci\u00f3n integral de la comunidad infantil.<br \/>\n\u201cEl consumo de pescado es fundamental para una dieta equilibrada, ya que es una excelente fuente de prote\u00ednas de alta calidad, \u00e1cidos grasos omega-3, vitaminas como la D y minerales como el yodo y el selenio. Los omega-3, en particular, benefician la salud cardiovascular, el desarrollo cerebral y la funci\u00f3n cognitiva. Incorporar pescado regularmente en la alimentaci\u00f3n contribuye a la prevenci\u00f3n de enfermedades cr\u00f3nicas, como las del coraz\u00f3n, y promueve el bienestar general\u201d, resalt\u00f3 la nutricionista Lida Rojas del Ministerio de la Producci\u00f3n.<br \/>\nEl taller destac\u00f3 la versatilidad del pescado como un alimento esencial para el crecimiento y desarrollo de los ni\u00f1os, y dej\u00f3 un mensaje claro: una alimentaci\u00f3n saludable es la base de un futuro prometedor.<\/p>\n","protected":false},"excerpt":{"rendered":"<p>Con el objetivo de promover h\u00e1bitos alimenticios saludables desde temprana edad, se llev\u00f3 a cabo una sesi\u00f3n educativa y taller de nutrici\u00f3n dirigida a los alumnos de reforzamiento del nivel primario de la Academia Municipal de Chilca. Esta actividad, organizada por los nutricionistas del Ministerio de la Producci\u00f3n a trav\u00e9s de su programa nacional \u201cA [&hellip;]<\/p>\n","protected":false},"author":4,"featured_media":17353,"comment_status":"open","ping_status":"open","sticky":false,"template":"","format":"standard","meta":{"footnotes":""},"categories":[25],"tags":[],"class_list":["post-17352","post","type-post","status-publish","format-standard","has-post-thumbnail","hentry","category-noticias"],"blocksy_meta":[],"rttpg_featured_image_url":{"full":["https:\/\/munichilca.gob.pe\/site\/wp-content\/uploads\/2025\/01\/WhatsApp-Image-2025-01-27-at-15.58.15.jpeg",1600,1066,false],"landscape":["https:\/\/munichilca.gob.pe\/site\/wp-content\/uploads\/2025\/01\/WhatsApp-Image-2025-01-27-at-15.58.15.jpeg",1600,1066,false],"portraits":["https:\/\/munichilca.gob.pe\/site\/wp-content\/uploads\/2025\/01\/WhatsApp-Image-2025-01-27-at-15.58.15.jpeg",1600,1066,false],"thumbnail":["https:\/\/munichilca.gob.pe\/site\/wp-content\/uploads\/2025\/01\/WhatsApp-Image-2025-01-27-at-15.58.15-150x150.jpeg",150,150,true],"medium":["https:\/\/munichilca.gob.pe\/site\/wp-content\/uploads\/2025\/01\/WhatsApp-Image-2025-01-27-at-15.58.15-300x200.jpeg",300,200,true],"large":["https:\/\/munichilca.gob.pe\/site\/wp-content\/uploads\/2025\/01\/WhatsApp-Image-2025-01-27-at-15.58.15-1024x682.jpeg",1024,682,true],"1536x1536":["https:\/\/munichilca.gob.pe\/site\/wp-content\/uploads\/2025\/01\/WhatsApp-Image-2025-01-27-at-15.58.15-1536x1023.jpeg",1536,1023,true],"2048x2048":["https:\/\/munichilca.gob.pe\/site\/wp-content\/uploads\/2025\/01\/WhatsApp-Image-2025-01-27-at-15.58.15.jpeg",1600,1066,false],"tp-image-grid":["https:\/\/munichilca.gob.pe\/site\/wp-content\/uploads\/2025\/01\/WhatsApp-Image-2025-01-27-at-15.58.15-700x700.jpeg",700,700,true]},"rttpg_author":{"display_name":"JGUTARRA","author_link":"https:\/\/munichilca.gob.pe\/site\/author\/jgutarra\/"},"rttpg_comment":0,"rttpg_category":"<a href=\"https:\/\/munichilca.gob.pe\/site\/category\/noticias\/\" rel=\"category tag\">Noticias<\/a>","rttpg_excerpt":"Con el objetivo de promover h\u00e1bitos alimenticios saludables desde temprana edad, se llev\u00f3 a cabo una sesi\u00f3n educativa y taller de nutrici\u00f3n dirigida a los alumnos de reforzamiento del nivel primario de la Academia Municipal de Chilca. Esta actividad, organizada por los nutricionistas del Ministerio de la Producci\u00f3n a trav\u00e9s de su programa nacional \u201cA&hellip;","_links":{"self":[{"href":"https:\/\/munichilca.gob.pe\/site\/wp-json\/wp\/v2\/posts\/17352","targetHints":{"allow":["GET"]}}],"collection":[{"href":"https:\/\/munichilca.gob.pe\/site\/wp-json\/wp\/v2\/posts"}],"about":[{"href":"https:\/\/munichilca.gob.pe\/site\/wp-json\/wp\/v2\/types\/post"}],"author":[{"embeddable":true,"href":"https:\/\/munichilca.gob.pe\/site\/wp-json\/wp\/v2\/users\/4"}],"replies":[{"embeddable":true,"href":"https:\/\/munichilca.gob.pe\/site\/wp-json\/wp\/v2\/comments?post=17352"}],"version-history":[{"count":0,"href":"https:\/\/munichilca.gob.pe\/site\/wp-json\/wp\/v2\/posts\/17352\/revisions"}],"wp:featuredmedia":[{"embeddable":true,"href":"https:\/\/munichilca.gob.pe\/site\/wp-json\/wp\/v2\/media\/17353"}],"wp:attachment":[{"href":"https:\/\/munichilca.gob.pe\/site\/wp-json\/wp\/v2\/media?parent=17352"}],"wp:term":[{"taxonomy":"category","embeddable":true,"href":"https:\/\/munichilca.gob.pe\/site\/wp-json\/wp\/v2\/categories?post=17352"},{"taxonomy":"post_tag","embeddable":true,"href":"https:\/\/munichilca.gob.pe\/site\/wp-json\/wp\/v2\/tags?post=17352"}],"curies":[{"name":"wp","href":"https:\/\/api.w.org\/{rel}","templated":true}]}}