{"id":17348,"date":"2025-01-29T08:14:41","date_gmt":"2025-01-29T08:14:41","guid":{"rendered":"https:\/\/munichilca.gob.pe\/site\/?p=9477"},"modified":"2025-01-29T08:14:41","modified_gmt":"2025-01-29T08:14:41","slug":"mdch-invita-a-feria-para-comprar-y-comer-pescado","status":"publish","type":"post","link":"https:\/\/munichilca.gob.pe\/site\/2025\/01\/29\/mdch-invita-a-feria-para-comprar-y-comer-pescado\/","title":{"rendered":"MDCH INVITA A FERIA PARA COMPRAR Y COMER PESCADO"},"content":{"rendered":"<p>El programa nacional \u00abA Comer Pescado\u00bb del Ministerio de la Producci\u00f3n, en alianza con la Gerencia de Desarrollo Social de la Municipalidad Distrital de Chilca a trav\u00e9s de su programa municipal \u00abAllin Mikuna\u00bb, invita a toda la poblaci\u00f3n a participar de la venta de pescado jurel a costo social y disfrutar de una feria gastron\u00f3mica que fomenta el consumo de productos marinos.<\/p>\n<p>Este mi\u00e9rcoles 29 y jueves 30 de enero se ofertar\u00e1 el kilo de jurel a S\/ 3.80. El 29 de enero, los puntos de venta estar\u00e1n ubicados en la intersecci\u00f3n de la Av. Jacinto Ibarra y Av. Pr\u00f3ceres, mientras que el 30 de enero, la venta se realizar\u00e1 en el frontis del Colegio T\u00fapac Amaru, ambos d\u00edas en el horario de 8:00 a.m. a 2:00 p.m.<\/p>\n<p>Adem\u00e1s, como parte de esta actividad, se llevar\u00e1 a cabo una feria gastron\u00f3mica donde se presentar\u00e1n deliciosos platos elaborados con productos marinos. Tambi\u00e9n se pondr\u00e1n a la venta conservas de anchoveta, caballa, jurel y otros pescados a precios accesibles, con una promoci\u00f3n especial de 3 unidades por S\/ 10.00 y S\/ 11.00.<\/p>\n<p>El gerente de Desarrollo Social, Johannes Romero, destac\u00f3 que estas actividades no solo buscan promover el consumo de pescado, sino tambi\u00e9n apoyar la econom\u00eda familiar al ofrecer productos nutritivos a precios accesibles. \u201cInvitamos a toda la poblaci\u00f3n a aprovechar estas ofertas y disfrutar de los beneficios del pescado, un alimento rico en nutrientes que contribuye a una alimentaci\u00f3n saludable\u201d, se\u00f1al\u00f3.<\/p>\n<p>\u00a1No te pierdas esta oportunidad de consumir productos frescos, nutritivos y a bajo costo!, exhort\u00f3 el gerente.<\/p>\n","protected":false},"excerpt":{"rendered":"<p>El programa nacional \u00abA Comer Pescado\u00bb del Ministerio de la Producci\u00f3n, en alianza con la Gerencia de Desarrollo Social de la Municipalidad Distrital de Chilca a trav\u00e9s de su programa municipal \u00abAllin Mikuna\u00bb, invita a toda la poblaci\u00f3n a participar de la venta de pescado jurel a costo social y disfrutar de una feria gastron\u00f3mica [&hellip;]<\/p>\n","protected":false},"author":4,"featured_media":17349,"comment_status":"open","ping_status":"open","sticky":false,"template":"","format":"standard","meta":{"footnotes":""},"categories":[25],"tags":[],"class_list":["post-17348","post","type-post","status-publish","format-standard","has-post-thumbnail","hentry","category-noticias"],"blocksy_meta":[],"rttpg_featured_image_url":{"full":["https:\/\/munichilca.gob.pe\/site\/wp-content\/uploads\/2025\/01\/WhatsApp-Image-2025-01-28-at-17.15.23.jpeg",1296,972,false],"landscape":["https:\/\/munichilca.gob.pe\/site\/wp-content\/uploads\/2025\/01\/WhatsApp-Image-2025-01-28-at-17.15.23.jpeg",1296,972,false],"portraits":["https:\/\/munichilca.gob.pe\/site\/wp-content\/uploads\/2025\/01\/WhatsApp-Image-2025-01-28-at-17.15.23.jpeg",1296,972,false],"thumbnail":["https:\/\/munichilca.gob.pe\/site\/wp-content\/uploads\/2025\/01\/WhatsApp-Image-2025-01-28-at-17.15.23-150x150.jpeg",150,150,true],"medium":["https:\/\/munichilca.gob.pe\/site\/wp-content\/uploads\/2025\/01\/WhatsApp-Image-2025-01-28-at-17.15.23-300x225.jpeg",300,225,true],"large":["https:\/\/munichilca.gob.pe\/site\/wp-content\/uploads\/2025\/01\/WhatsApp-Image-2025-01-28-at-17.15.23-1024x768.jpeg",1024,768,true],"1536x1536":["https:\/\/munichilca.gob.pe\/site\/wp-content\/uploads\/2025\/01\/WhatsApp-Image-2025-01-28-at-17.15.23.jpeg",1296,972,false],"2048x2048":["https:\/\/munichilca.gob.pe\/site\/wp-content\/uploads\/2025\/01\/WhatsApp-Image-2025-01-28-at-17.15.23.jpeg",1296,972,false],"tp-image-grid":["https:\/\/munichilca.gob.pe\/site\/wp-content\/uploads\/2025\/01\/WhatsApp-Image-2025-01-28-at-17.15.23-700x700.jpeg",700,700,true]},"rttpg_author":{"display_name":"JGUTARRA","author_link":"https:\/\/munichilca.gob.pe\/site\/author\/jgutarra\/"},"rttpg_comment":0,"rttpg_category":"<a href=\"https:\/\/munichilca.gob.pe\/site\/category\/noticias\/\" rel=\"category tag\">Noticias<\/a>","rttpg_excerpt":"El programa nacional \u00abA Comer Pescado\u00bb del Ministerio de la Producci\u00f3n, en alianza con la Gerencia de Desarrollo Social de la Municipalidad Distrital de Chilca a trav\u00e9s de su programa municipal \u00abAllin Mikuna\u00bb, invita a toda la poblaci\u00f3n a participar de la venta de pescado jurel a costo social y disfrutar de una feria gastron\u00f3mica&hellip;","_links":{"self":[{"href":"https:\/\/munichilca.gob.pe\/site\/wp-json\/wp\/v2\/posts\/17348","targetHints":{"allow":["GET"]}}],"collection":[{"href":"https:\/\/munichilca.gob.pe\/site\/wp-json\/wp\/v2\/posts"}],"about":[{"href":"https:\/\/munichilca.gob.pe\/site\/wp-json\/wp\/v2\/types\/post"}],"author":[{"embeddable":true,"href":"https:\/\/munichilca.gob.pe\/site\/wp-json\/wp\/v2\/users\/4"}],"replies":[{"embeddable":true,"href":"https:\/\/munichilca.gob.pe\/site\/wp-json\/wp\/v2\/comments?post=17348"}],"version-history":[{"count":0,"href":"https:\/\/munichilca.gob.pe\/site\/wp-json\/wp\/v2\/posts\/17348\/revisions"}],"wp:featuredmedia":[{"embeddable":true,"href":"https:\/\/munichilca.gob.pe\/site\/wp-json\/wp\/v2\/media\/17349"}],"wp:attachment":[{"href":"https:\/\/munichilca.gob.pe\/site\/wp-json\/wp\/v2\/media?parent=17348"}],"wp:term":[{"taxonomy":"category","embeddable":true,"href":"https:\/\/munichilca.gob.pe\/site\/wp-json\/wp\/v2\/categories?post=17348"},{"taxonomy":"post_tag","embeddable":true,"href":"https:\/\/munichilca.gob.pe\/site\/wp-json\/wp\/v2\/tags?post=17348"}],"curies":[{"name":"wp","href":"https:\/\/api.w.org\/{rel}","templated":true}]}}