{"id":17340,"date":"2025-01-30T15:29:41","date_gmt":"2025-01-30T15:29:41","guid":{"rendered":"https:\/\/munichilca.gob.pe\/site\/?p=9490"},"modified":"2025-01-30T15:29:41","modified_gmt":"2025-01-30T15:29:41","slug":"comision-del-congreso-reconocera-a-conjuntos-de-huaylash-de-chilca","status":"publish","type":"post","link":"https:\/\/munichilca.gob.pe\/site\/2025\/01\/30\/comision-del-congreso-reconocera-a-conjuntos-de-huaylash-de-chilca\/","title":{"rendered":"COMISI\u00d3N DEL CONGRESO RECONOCER\u00c1 A CONJUNTOS DE HUAYLASH DE CHILCA"},"content":{"rendered":"<p>La Municipalidad Distrital de Chilca se complace en anunciar la visita de la Comisi\u00f3n de Cultura del Congreso de la Rep\u00fablica, presidida por el congresista Edgar Reymundo Mercado, con el objetivo de reconocer la trayectoria y aporte cultural de los conjuntos de Huaylash del distrito.<br \/>\nEste importante evento se llevar\u00e1 a cabo en el Parque Abel Mart\u00ednez el d\u00eda [fecha], a partir de las 10:00 a. m., y contar\u00e1 con la presencia del alcalde del distrito de Chilca, Ing. C\u00e9sar Damas Laurente, quien recibir\u00e1 con honores a la delegaci\u00f3n congresal y a los representantes de las instituciones culturales invitadas.<br \/>\nLos conjuntos de Huaylash que ser\u00e1n reconocidos en esta ceremonia ser\u00e1n Instituci\u00f3n Cultural \u00abComuneros de Azapampa\u00bb, Asociaci\u00f3n de Huaylash \u00abNuevo Amanecer Azapampa\u00bb, Asociaci\u00f3n de Huaylash Moderno \u00abNi\u00f1o Jes\u00fas de Azapampa\u00bb, Instituci\u00f3n Cultural \u00abFuerza Zorzal Huanca\u201d, Compa\u00f1\u00eda Folcl\u00f3rica \u00abReal Estrella\u00bb, Instituci\u00f3n de Huaylash \u00abNueva Sociedad Progreso\u00bb y la Asociaci\u00f3n Cultural \u00abAuray Huancayo\u00bb.<br \/>\nDurante la ceremonia, se rendir\u00e1 homenaje a las generaciones de danzantes que han mantenido viva esta expresi\u00f3n cultural, considerada Patrimonio Cultural del Per\u00fa. En este sentido, el subgerente del Instituto de Cultura, Lic. Juan Pineda Larzo, destac\u00f3 la importancia del Huaylash en la identidad cultural de Chilca y extendi\u00f3 una cordial invitaci\u00f3n a toda la colectividad de la regi\u00f3n y del pa\u00eds a participar de este significativo reconocimiento.<br \/>\nLa Municipalidad Distrital de Chilca reafirma su compromiso con la promoci\u00f3n y preservaci\u00f3n de las manifestaciones culturales que enriquecen nuestro legado y fortalecen nuestra identidad como pueblo.<\/p>\n","protected":false},"excerpt":{"rendered":"<p>La Municipalidad Distrital de Chilca se complace en anunciar la visita de la Comisi\u00f3n de Cultura del Congreso de la Rep\u00fablica, presidida por el congresista Edgar Reymundo Mercado, con el objetivo de reconocer la trayectoria y aporte cultural de los conjuntos de Huaylash del distrito. Este importante evento se llevar\u00e1 a cabo en el Parque [&hellip;]<\/p>\n","protected":false},"author":4,"featured_media":17341,"comment_status":"open","ping_status":"open","sticky":false,"template":"","format":"standard","meta":{"footnotes":""},"categories":[25],"tags":[],"class_list":["post-17340","post","type-post","status-publish","format-standard","has-post-thumbnail","hentry","category-noticias"],"blocksy_meta":[],"rttpg_featured_image_url":{"full":["https:\/\/munichilca.gob.pe\/site\/wp-content\/uploads\/2025\/01\/WhatsApp-Image-2025-01-29-at-15.10.42.jpeg",1600,1066,false],"landscape":["https:\/\/munichilca.gob.pe\/site\/wp-content\/uploads\/2025\/01\/WhatsApp-Image-2025-01-29-at-15.10.42.jpeg",1600,1066,false],"portraits":["https:\/\/munichilca.gob.pe\/site\/wp-content\/uploads\/2025\/01\/WhatsApp-Image-2025-01-29-at-15.10.42.jpeg",1600,1066,false],"thumbnail":["https:\/\/munichilca.gob.pe\/site\/wp-content\/uploads\/2025\/01\/WhatsApp-Image-2025-01-29-at-15.10.42-150x150.jpeg",150,150,true],"medium":["https:\/\/munichilca.gob.pe\/site\/wp-content\/uploads\/2025\/01\/WhatsApp-Image-2025-01-29-at-15.10.42-300x200.jpeg",300,200,true],"large":["https:\/\/munichilca.gob.pe\/site\/wp-content\/uploads\/2025\/01\/WhatsApp-Image-2025-01-29-at-15.10.42-1024x682.jpeg",1024,682,true],"1536x1536":["https:\/\/munichilca.gob.pe\/site\/wp-content\/uploads\/2025\/01\/WhatsApp-Image-2025-01-29-at-15.10.42-1536x1023.jpeg",1536,1023,true],"2048x2048":["https:\/\/munichilca.gob.pe\/site\/wp-content\/uploads\/2025\/01\/WhatsApp-Image-2025-01-29-at-15.10.42.jpeg",1600,1066,false],"tp-image-grid":["https:\/\/munichilca.gob.pe\/site\/wp-content\/uploads\/2025\/01\/WhatsApp-Image-2025-01-29-at-15.10.42-700x700.jpeg",700,700,true]},"rttpg_author":{"display_name":"JGUTARRA","author_link":"https:\/\/munichilca.gob.pe\/site\/author\/jgutarra\/"},"rttpg_comment":0,"rttpg_category":"<a href=\"https:\/\/munichilca.gob.pe\/site\/category\/noticias\/\" rel=\"category tag\">Noticias<\/a>","rttpg_excerpt":"La Municipalidad Distrital de Chilca se complace en anunciar la visita de la Comisi\u00f3n de Cultura del Congreso de la Rep\u00fablica, presidida por el congresista Edgar Reymundo Mercado, con el objetivo de reconocer la trayectoria y aporte cultural de los conjuntos de Huaylash del distrito. Este importante evento se llevar\u00e1 a cabo en el Parque&hellip;","_links":{"self":[{"href":"https:\/\/munichilca.gob.pe\/site\/wp-json\/wp\/v2\/posts\/17340","targetHints":{"allow":["GET"]}}],"collection":[{"href":"https:\/\/munichilca.gob.pe\/site\/wp-json\/wp\/v2\/posts"}],"about":[{"href":"https:\/\/munichilca.gob.pe\/site\/wp-json\/wp\/v2\/types\/post"}],"author":[{"embeddable":true,"href":"https:\/\/munichilca.gob.pe\/site\/wp-json\/wp\/v2\/users\/4"}],"replies":[{"embeddable":true,"href":"https:\/\/munichilca.gob.pe\/site\/wp-json\/wp\/v2\/comments?post=17340"}],"version-history":[{"count":0,"href":"https:\/\/munichilca.gob.pe\/site\/wp-json\/wp\/v2\/posts\/17340\/revisions"}],"wp:featuredmedia":[{"embeddable":true,"href":"https:\/\/munichilca.gob.pe\/site\/wp-json\/wp\/v2\/media\/17341"}],"wp:attachment":[{"href":"https:\/\/munichilca.gob.pe\/site\/wp-json\/wp\/v2\/media?parent=17340"}],"wp:term":[{"taxonomy":"category","embeddable":true,"href":"https:\/\/munichilca.gob.pe\/site\/wp-json\/wp\/v2\/categories?post=17340"},{"taxonomy":"post_tag","embeddable":true,"href":"https:\/\/munichilca.gob.pe\/site\/wp-json\/wp\/v2\/tags?post=17340"}],"curies":[{"name":"wp","href":"https:\/\/api.w.org\/{rel}","templated":true}]}}