{"id":17330,"date":"2025-02-04T15:29:59","date_gmt":"2025-02-04T15:29:59","guid":{"rendered":"https:\/\/munichilca.gob.pe\/site\/?p=9510"},"modified":"2025-02-04T15:29:59","modified_gmt":"2025-02-04T15:29:59","slug":"mdch-promueve-campana-de-vacunacion-contra-el-virus-del-papiloma-humano","status":"publish","type":"post","link":"https:\/\/munichilca.gob.pe\/site\/2025\/02\/04\/mdch-promueve-campana-de-vacunacion-contra-el-virus-del-papiloma-humano\/","title":{"rendered":"MDCH PROMUEVE CAMPA\u00d1A DE VACUNACI\u00d3N CONTRA EL VIRUS DEL PAPILOMA HUMANO"},"content":{"rendered":"<p>En el marco de la conmemoraci\u00f3n del D\u00eda Internacional de la Lucha contra el C\u00e1ncer, que se celebra cada 4 de febrero, la Municipalidad Distrital de Chilca, a trav\u00e9s de su Gerencia de Desarrollo Social y la Subgerencia del Instituto de Cultura, viene promoviendo la importancia de la vacunaci\u00f3n contra el Virus del Papiloma Humano (VPH).<br \/>\nComo parte de estas acciones, se realiz\u00f3 una sesi\u00f3n educativa dirigida a los alumnos de la Academia Muni Chilca, quienes participan en el ciclo vacacional. En esta jornada de sensibilizaci\u00f3n, los estudiantes recibieron informaci\u00f3n sobre la importancia de la vacunaci\u00f3n como medida de prevenci\u00f3n contra el c\u00e1ncer de cuello uterino y otras enfermedades relacionadas con el (VPH).<br \/>\nLa campa\u00f1a de vacunaci\u00f3n fue inaugurada con la presencia de m\u00e1s de 200 menores y cont\u00f3 con la participaci\u00f3n de representantes del sector salud de la regi\u00f3n Jun\u00edn, tales como el representante de la Micro Red de Salud de Chilca, la Direcci\u00f3n de la Red de Salud del Valle del Mantaro y la Direcci\u00f3n Regional de Salud.<br \/>\nAsimismo, en esta actividad se sumaron los estudiantes de Psicolog\u00eda de las universidades Peruana Los Andes y Continental, quienes brindaron apoyo en la concientizaci\u00f3n y acompa\u00f1amiento de los menores durante el proceso de vacunaci\u00f3n.<br \/>\nLa Municipalidad Distrital de Chilca reafirma su compromiso con la salud p\u00fablica y hace un llamado a los padres de familia para que participen activamente en estas iniciativas de prevenci\u00f3n, asegurando el bienestar de la ni\u00f1ez y adolescencia en la comunidad.<\/p>\n","protected":false},"excerpt":{"rendered":"<p>En el marco de la conmemoraci\u00f3n del D\u00eda Internacional de la Lucha contra el C\u00e1ncer, que se celebra cada 4 de febrero, la Municipalidad Distrital de Chilca, a trav\u00e9s de su Gerencia de Desarrollo Social y la Subgerencia del Instituto de Cultura, viene promoviendo la importancia de la vacunaci\u00f3n contra el Virus del Papiloma Humano [&hellip;]<\/p>\n","protected":false},"author":4,"featured_media":17331,"comment_status":"open","ping_status":"open","sticky":false,"template":"","format":"standard","meta":{"footnotes":""},"categories":[25],"tags":[],"class_list":["post-17330","post","type-post","status-publish","format-standard","has-post-thumbnail","hentry","category-noticias"],"blocksy_meta":[],"rttpg_featured_image_url":{"full":["https:\/\/munichilca.gob.pe\/site\/wp-content\/uploads\/2025\/02\/WhatsApp-Image-2025-02-03-at-13.06.26.jpeg",1600,1200,false],"landscape":["https:\/\/munichilca.gob.pe\/site\/wp-content\/uploads\/2025\/02\/WhatsApp-Image-2025-02-03-at-13.06.26.jpeg",1600,1200,false],"portraits":["https:\/\/munichilca.gob.pe\/site\/wp-content\/uploads\/2025\/02\/WhatsApp-Image-2025-02-03-at-13.06.26.jpeg",1600,1200,false],"thumbnail":["https:\/\/munichilca.gob.pe\/site\/wp-content\/uploads\/2025\/02\/WhatsApp-Image-2025-02-03-at-13.06.26-150x150.jpeg",150,150,true],"medium":["https:\/\/munichilca.gob.pe\/site\/wp-content\/uploads\/2025\/02\/WhatsApp-Image-2025-02-03-at-13.06.26-300x225.jpeg",300,225,true],"large":["https:\/\/munichilca.gob.pe\/site\/wp-content\/uploads\/2025\/02\/WhatsApp-Image-2025-02-03-at-13.06.26-1024x768.jpeg",1024,768,true],"1536x1536":["https:\/\/munichilca.gob.pe\/site\/wp-content\/uploads\/2025\/02\/WhatsApp-Image-2025-02-03-at-13.06.26-1536x1152.jpeg",1536,1152,true],"2048x2048":["https:\/\/munichilca.gob.pe\/site\/wp-content\/uploads\/2025\/02\/WhatsApp-Image-2025-02-03-at-13.06.26.jpeg",1600,1200,false],"tp-image-grid":["https:\/\/munichilca.gob.pe\/site\/wp-content\/uploads\/2025\/02\/WhatsApp-Image-2025-02-03-at-13.06.26-700x700.jpeg",700,700,true]},"rttpg_author":{"display_name":"JGUTARRA","author_link":"https:\/\/munichilca.gob.pe\/site\/author\/jgutarra\/"},"rttpg_comment":0,"rttpg_category":"<a href=\"https:\/\/munichilca.gob.pe\/site\/category\/noticias\/\" rel=\"category tag\">Noticias<\/a>","rttpg_excerpt":"En el marco de la conmemoraci\u00f3n del D\u00eda Internacional de la Lucha contra el C\u00e1ncer, que se celebra cada 4 de febrero, la Municipalidad Distrital de Chilca, a trav\u00e9s de su Gerencia de Desarrollo Social y la Subgerencia del Instituto de Cultura, viene promoviendo la importancia de la vacunaci\u00f3n contra el Virus del Papiloma Humano&hellip;","_links":{"self":[{"href":"https:\/\/munichilca.gob.pe\/site\/wp-json\/wp\/v2\/posts\/17330","targetHints":{"allow":["GET"]}}],"collection":[{"href":"https:\/\/munichilca.gob.pe\/site\/wp-json\/wp\/v2\/posts"}],"about":[{"href":"https:\/\/munichilca.gob.pe\/site\/wp-json\/wp\/v2\/types\/post"}],"author":[{"embeddable":true,"href":"https:\/\/munichilca.gob.pe\/site\/wp-json\/wp\/v2\/users\/4"}],"replies":[{"embeddable":true,"href":"https:\/\/munichilca.gob.pe\/site\/wp-json\/wp\/v2\/comments?post=17330"}],"version-history":[{"count":0,"href":"https:\/\/munichilca.gob.pe\/site\/wp-json\/wp\/v2\/posts\/17330\/revisions"}],"wp:featuredmedia":[{"embeddable":true,"href":"https:\/\/munichilca.gob.pe\/site\/wp-json\/wp\/v2\/media\/17331"}],"wp:attachment":[{"href":"https:\/\/munichilca.gob.pe\/site\/wp-json\/wp\/v2\/media?parent=17330"}],"wp:term":[{"taxonomy":"category","embeddable":true,"href":"https:\/\/munichilca.gob.pe\/site\/wp-json\/wp\/v2\/categories?post=17330"},{"taxonomy":"post_tag","embeddable":true,"href":"https:\/\/munichilca.gob.pe\/site\/wp-json\/wp\/v2\/tags?post=17330"}],"curies":[{"name":"wp","href":"https:\/\/api.w.org\/{rel}","templated":true}]}}