{"id":17296,"date":"2025-02-24T08:29:24","date_gmt":"2025-02-24T08:29:24","guid":{"rendered":"https:\/\/munichilca.gob.pe\/site\/?p=9582"},"modified":"2025-02-24T08:29:24","modified_gmt":"2025-02-24T08:29:24","slug":"chilca-se-prepara-para-vibrar-con-el-carnaval-sureno-2025","status":"publish","type":"post","link":"https:\/\/munichilca.gob.pe\/site\/2025\/02\/24\/chilca-se-prepara-para-vibrar-con-el-carnaval-sureno-2025\/","title":{"rendered":"CHILCA SE PREPARA PARA VIBRAR CON EL CARNAVAL SURE\u00d1O 2025"},"content":{"rendered":"<p><img fetchpriority=\"high\" decoding=\"async\" class=\"alignnone size-medium wp-image-9583\" src=\"https:\/\/munichilca.gob.pe\/site\/wp-content\/uploads\/2025\/02\/WhatsApp-Image-2025-02-21-at-2.43.55-PM-640x426.jpeg\" alt=\"\" width=\"640\" height=\"426\" \/> <img decoding=\"async\" class=\"alignnone size-medium wp-image-9584\" src=\"https:\/\/munichilca.gob.pe\/site\/wp-content\/uploads\/2025\/02\/WhatsApp-Image-2025-02-21-at-2.43.54-PM-640x426.jpeg\" alt=\"\" width=\"640\" height=\"426\" \/><\/p>\n<p>Donde participar\u00e1n danzantes de varias regiones<\/p>\n<p>Con el objetivo de promover y fortalecer la cultura de la poblaci\u00f3n chilquense y poblaci\u00f3n migrante en sus diferentes generaciones y estratos socioecon\u00f3micos, la Municipalidad viene organizando el \u201cCarnaval Sure\u00f1o 2025\u201d, festividad que se realizar\u00e1 este s\u00e1bado 1 de Marzo a la altura del parque Pe\u00f1aloza, que busca congregar a miles de visitantes quienes disfrutar\u00e1n de esta hermosa expresi\u00f3n cultural, donde los concursantes bailar\u00e1n y jugar\u00e1n con talco y ortiga con masiva presencia de ciudadanos provenientes de Huancavelica, Ayacucho, distritos del sur y la provincia de Huancayo.<\/p>\n<p>Festividad de carnaval donde se espera la participaci\u00f3n de las delegaciones de los programas sociales, juntas vecinales, asociaciones culturales, asociaciones deportivas, clubes departamentales, instituciones p\u00fablicas y privadas, instituciones educativas, comit\u00e9s de gesti\u00f3n, colaboradores de las diferentes gerencias y sub gerencias, asociaciones distritales, provinciales, regionales visitantes y asociaciones diversas.<\/p>\n<p>A lo largo de todo el pasacalle se ubicar\u00e1n secuencialmente veedores asignados por las diferentes Gerencias y Subgerencias con el fin de monitorear el desplazamiento y cabal cumplimiento de las bases por las delegaciones participantes. Los veedores contar\u00e1n con una plantilla para anotar cualquier incumplimiento, la misma que ser\u00e1 entregada al jurado calificador a fin de coadyuvar a la mejor toma de decisiones.<\/p>\n<p>La concentraci\u00f3n para el pasacalle ser\u00e1 desde las 10 de la ma\u00f1ana en el parque Huamanmarca para luego hacer su recorrido hasta la Calle Real, avenida Leoncio Prado y su llegada al parque Pe\u00f1aloza donde a la vez se realizar\u00e1 la feria gastron\u00f3mica para deleite de los visitantes.<\/p>\n<p>Los concursantes vestir\u00e1n la indumentaria de su regi\u00f3n adem\u00e1s que estar\u00e1n acompa\u00f1ados con m\u00fasicos de su zona, lo que hace un encuentro de culturas andinas, en el sur de Huancayo.<\/p>\n<p>Se otorgar\u00e1 grandes premios en efectivo hasta por un valor de 15 mil soles. Las inscripciones siguen abiertas y son gratuitas en la Casa de la Cultura de Chilca, ubicado en la avenida 9 de Diciembre N\u00b0406, en la cual todo conjunto deber\u00e1 llenar una ficha de inscripci\u00f3n que podr\u00e1n obtener a trav\u00e9s de la p\u00e1gina web de la Municipalidad.<\/p>\n","protected":false},"excerpt":{"rendered":"<p>Donde participar\u00e1n danzantes de varias regiones Con el objetivo de promover y fortalecer la cultura de la poblaci\u00f3n chilquense y poblaci\u00f3n migrante en sus diferentes generaciones y estratos socioecon\u00f3micos, la Municipalidad viene organizando el \u201cCarnaval Sure\u00f1o 2025\u201d, festividad que se realizar\u00e1 este s\u00e1bado 1 de Marzo a la altura del parque Pe\u00f1aloza, que busca congregar [&hellip;]<\/p>\n","protected":false},"author":4,"featured_media":0,"comment_status":"open","ping_status":"open","sticky":false,"template":"","format":"standard","meta":{"footnotes":""},"categories":[25],"tags":[],"class_list":["post-17296","post","type-post","status-publish","format-standard","hentry","category-noticias"],"blocksy_meta":[],"rttpg_featured_image_url":null,"rttpg_author":{"display_name":"JGUTARRA","author_link":"https:\/\/munichilca.gob.pe\/site\/author\/jgutarra\/"},"rttpg_comment":0,"rttpg_category":"<a href=\"https:\/\/munichilca.gob.pe\/site\/category\/noticias\/\" rel=\"category tag\">Noticias<\/a>","rttpg_excerpt":"Donde participar\u00e1n danzantes de varias regiones Con el objetivo de promover y fortalecer la cultura de la poblaci\u00f3n chilquense y poblaci\u00f3n migrante en sus diferentes generaciones y estratos socioecon\u00f3micos, la Municipalidad viene organizando el \u201cCarnaval Sure\u00f1o 2025\u201d, festividad que se realizar\u00e1 este s\u00e1bado 1 de Marzo a la altura del parque Pe\u00f1aloza, que busca congregar&hellip;","_links":{"self":[{"href":"https:\/\/munichilca.gob.pe\/site\/wp-json\/wp\/v2\/posts\/17296","targetHints":{"allow":["GET"]}}],"collection":[{"href":"https:\/\/munichilca.gob.pe\/site\/wp-json\/wp\/v2\/posts"}],"about":[{"href":"https:\/\/munichilca.gob.pe\/site\/wp-json\/wp\/v2\/types\/post"}],"author":[{"embeddable":true,"href":"https:\/\/munichilca.gob.pe\/site\/wp-json\/wp\/v2\/users\/4"}],"replies":[{"embeddable":true,"href":"https:\/\/munichilca.gob.pe\/site\/wp-json\/wp\/v2\/comments?post=17296"}],"version-history":[{"count":0,"href":"https:\/\/munichilca.gob.pe\/site\/wp-json\/wp\/v2\/posts\/17296\/revisions"}],"wp:attachment":[{"href":"https:\/\/munichilca.gob.pe\/site\/wp-json\/wp\/v2\/media?parent=17296"}],"wp:term":[{"taxonomy":"category","embeddable":true,"href":"https:\/\/munichilca.gob.pe\/site\/wp-json\/wp\/v2\/categories?post=17296"},{"taxonomy":"post_tag","embeddable":true,"href":"https:\/\/munichilca.gob.pe\/site\/wp-json\/wp\/v2\/tags?post=17296"}],"curies":[{"name":"wp","href":"https:\/\/api.w.org\/{rel}","templated":true}]}}