{"id":17293,"date":"2025-02-25T08:21:04","date_gmt":"2025-02-25T08:21:04","guid":{"rendered":"https:\/\/munichilca.gob.pe\/site\/?p=9588"},"modified":"2025-02-25T08:21:04","modified_gmt":"2025-02-25T08:21:04","slug":"cerca-de-15-mil-soles-en-premios-para-el-carnaval-sureno-2025","status":"publish","type":"post","link":"https:\/\/munichilca.gob.pe\/site\/2025\/02\/25\/cerca-de-15-mil-soles-en-premios-para-el-carnaval-sureno-2025\/","title":{"rendered":"CERCA DE 15 MIL SOLES EN PREMIOS PARA EL CARNAVAL SURE\u00d1O 2025"},"content":{"rendered":"<p><img fetchpriority=\"high\" decoding=\"async\" class=\"alignnone size-medium wp-image-9589\" src=\"https:\/\/munichilca.gob.pe\/site\/wp-content\/uploads\/2025\/02\/WhatsApp-Image-2025-02-24-at-6.21.14-PM-1-640x426.jpeg\" alt=\"\" width=\"640\" height=\"426\" \/> <img decoding=\"async\" class=\"alignnone size-medium wp-image-9590\" src=\"https:\/\/munichilca.gob.pe\/site\/wp-content\/uploads\/2025\/02\/WhatsApp-Image-2025-02-24-at-6.21.14-PM-640x426.jpeg\" alt=\"\" width=\"640\" height=\"426\" \/><\/p>\n<p>Se espera la participaci\u00f3n de m\u00e1s de 100 delegaciones de danzantes<\/p>\n<p>En una conferencia de prensa realizada recientemente, se anunciaron las actividades del esperado Carnaval Sure\u00f1o 2025, que se llevar\u00e1 a cabo el s\u00e1bado 1 de marzo. El Gerente Municipal, Arq. Ronald Cris\u00f3stomo, en representaci\u00f3n del alcalde C\u00e9sar Damas, inform\u00f3 que se repartir\u00e1n cerca de 15 mil soles en premios, y se espera la participaci\u00f3n de m\u00e1s de 100 delegaciones. Festividad que busca congregar a miles de visitantes quienes disfrutar\u00e1n de esta hermosa expresi\u00f3n cultural, donde los concursantes bailar\u00e1n y jugar\u00e1n con talco y ortiga con masiva presencia de ciudadanos provenientes de Huancavelica, Ayacucho, distritos del sur y la provincia de Huancayo.<\/p>\n<p>El evento iniciar\u00e1 a las 9:00 a. m. en el Parque Huamanmarca, punto de concentraci\u00f3n de las delegaciones, que recorrer\u00e1n la Calle Real hasta llegar a la Av. Leoncio Prado y finalizar\u00e1n en el Parque Pe\u00f1aloza. En este \u00faltimo punto se instalar\u00e1 un escenario principal, donde diversas orquestas y bandas brindar\u00e1n un espect\u00e1culo musical para recibir a los participantes de las tradicionales festividades de Qarmenqa y Tipaki Tipaki.<\/p>\n<p>El sub gerente del Institutode Cultura Juan Pineda expuso que a lo largo de todo el pasacalle se ubicar\u00e1n secuencialmente veedores asignados por las diferentes gerencias y subgerencias con el fin de monitorear el desplazamiento y cabal cumplimiento de las bases por las delegaciones participantes. Los veedores contar\u00e1n con una plantilla para anotar cualquier incumplimiento, la misma que ser\u00e1 entregada al jurado calificador a fin de coadyuvar a la mejor toma de decisiones.<\/p>\n<p>El Carnaval Sure\u00f1o es una de las festividades m\u00e1s esperadas del a\u00f1o, reuniendo a miles de personas en un ambiente de alegr\u00eda, danzas t\u00edpicas y m\u00fasica en vivo. Las autoridades municipales invitan a la ciudadan\u00eda a ser parte de esta gran celebraci\u00f3n, fomentando la cultura y tradiciones de la regi\u00f3n<\/p>\n","protected":false},"excerpt":{"rendered":"<p>Se espera la participaci\u00f3n de m\u00e1s de 100 delegaciones de danzantes En una conferencia de prensa realizada recientemente, se anunciaron las actividades del esperado Carnaval Sure\u00f1o 2025, que se llevar\u00e1 a cabo el s\u00e1bado 1 de marzo. El Gerente Municipal, Arq. Ronald Cris\u00f3stomo, en representaci\u00f3n del alcalde C\u00e9sar Damas, inform\u00f3 que se repartir\u00e1n cerca de [&hellip;]<\/p>\n","protected":false},"author":4,"featured_media":0,"comment_status":"open","ping_status":"open","sticky":false,"template":"","format":"standard","meta":{"footnotes":""},"categories":[25],"tags":[],"class_list":["post-17293","post","type-post","status-publish","format-standard","hentry","category-noticias"],"blocksy_meta":[],"rttpg_featured_image_url":null,"rttpg_author":{"display_name":"JGUTARRA","author_link":"https:\/\/munichilca.gob.pe\/site\/author\/jgutarra\/"},"rttpg_comment":0,"rttpg_category":"<a href=\"https:\/\/munichilca.gob.pe\/site\/category\/noticias\/\" rel=\"category tag\">Noticias<\/a>","rttpg_excerpt":"Se espera la participaci\u00f3n de m\u00e1s de 100 delegaciones de danzantes En una conferencia de prensa realizada recientemente, se anunciaron las actividades del esperado Carnaval Sure\u00f1o 2025, que se llevar\u00e1 a cabo el s\u00e1bado 1 de marzo. El Gerente Municipal, Arq. Ronald Cris\u00f3stomo, en representaci\u00f3n del alcalde C\u00e9sar Damas, inform\u00f3 que se repartir\u00e1n cerca de&hellip;","_links":{"self":[{"href":"https:\/\/munichilca.gob.pe\/site\/wp-json\/wp\/v2\/posts\/17293","targetHints":{"allow":["GET"]}}],"collection":[{"href":"https:\/\/munichilca.gob.pe\/site\/wp-json\/wp\/v2\/posts"}],"about":[{"href":"https:\/\/munichilca.gob.pe\/site\/wp-json\/wp\/v2\/types\/post"}],"author":[{"embeddable":true,"href":"https:\/\/munichilca.gob.pe\/site\/wp-json\/wp\/v2\/users\/4"}],"replies":[{"embeddable":true,"href":"https:\/\/munichilca.gob.pe\/site\/wp-json\/wp\/v2\/comments?post=17293"}],"version-history":[{"count":0,"href":"https:\/\/munichilca.gob.pe\/site\/wp-json\/wp\/v2\/posts\/17293\/revisions"}],"wp:attachment":[{"href":"https:\/\/munichilca.gob.pe\/site\/wp-json\/wp\/v2\/media?parent=17293"}],"wp:term":[{"taxonomy":"category","embeddable":true,"href":"https:\/\/munichilca.gob.pe\/site\/wp-json\/wp\/v2\/categories?post=17293"},{"taxonomy":"post_tag","embeddable":true,"href":"https:\/\/munichilca.gob.pe\/site\/wp-json\/wp\/v2\/tags?post=17293"}],"curies":[{"name":"wp","href":"https:\/\/api.w.org\/{rel}","templated":true}]}}