{"id":17287,"date":"2025-02-26T17:24:01","date_gmt":"2025-02-26T17:24:01","guid":{"rendered":"https:\/\/munichilca.gob.pe\/site\/?p=9609"},"modified":"2025-02-26T17:24:01","modified_gmt":"2025-02-26T17:24:01","slug":"feria-escolar-en-chilca-abre-sus-puertas-a-la-poblacion","status":"publish","type":"post","link":"https:\/\/munichilca.gob.pe\/site\/2025\/02\/26\/feria-escolar-en-chilca-abre-sus-puertas-a-la-poblacion\/","title":{"rendered":"FERIA ESCOLAR EN CHILCA ABRE SUS PUERTAS A LA POBLACI\u00d3N"},"content":{"rendered":"<p><img fetchpriority=\"high\" decoding=\"async\" class=\"alignnone size-medium wp-image-9610\" src=\"https:\/\/munichilca.gob.pe\/site\/wp-content\/uploads\/2025\/02\/WhatsApp-Image-2025-02-26-at-3.02.34-PM-640x426.jpeg\" alt=\"\" width=\"640\" height=\"426\" \/> <img decoding=\"async\" class=\"alignnone size-medium wp-image-9611\" src=\"https:\/\/munichilca.gob.pe\/site\/wp-content\/uploads\/2025\/02\/WhatsApp-Image-2025-02-26-at-3.02.31-PM-640x426.jpeg\" alt=\"\" width=\"640\" height=\"426\" \/><\/p>\n<p>Vender\u00e1n productos garantizados a precio justo<\/p>\n<p>Con gran entusiasmo, se llev\u00f3 a cabo la inauguraci\u00f3n de la Feria Escolar Chilca 2025, un evento que busca apoyar a las familias en la adquisici\u00f3n de \u00fatiles escolares y otros productos esenciales a precios accesibles. La feria estar\u00e1 abierta al p\u00fablico desde hoy, mi\u00e9rcoles 26 de febrero, hasta el 7 de abril, en un horario continuo de 6:00 a. m. a 11:00 p. m., de lunes a domingo ubicada en la Av. Torre Tagle, desde la Av. 9 de Diciembre hasta el Jr. Santos Chocano.<\/p>\n<p>La ceremonia de apertura cont\u00f3 con la participaci\u00f3n del Gerente Municipal, Arq. Ronald Cris\u00f3stomo, en representaci\u00f3n del alcalde C\u00e9sar Damas, quien tuvo el honor de realizar el tradicional corte de cinta y la entrega de carnet de identificaci\u00f3n a cada feriante.<\/p>\n<p>Durante el evento, la presidenta de la feria, Milagros Barra Flores, expres\u00f3 su agradecimiento a la municipalidad por el apoyo brindado a los m\u00e1s de 20 feriantes que forman parte de esta iniciativa.<\/p>\n<p>En su mensaje, el Gerente Municipal invit\u00f3 a todos los vecinos a visitar la feria, destacando que podr\u00e1n encontrar productos de calidad a precios rebajados.<\/p>\n<p>Adem\u00e1s, en un gesto de solidaridad y compromiso con la educaci\u00f3n, auspiciadores y feriantes obsequiaron cuadernos a los ni\u00f1os, quienes tambi\u00e9n disfrutaron de actividades recreativas, como el pintado de l\u00e1minas.<\/p>\n<p>La Feria Escolar Chilca 2025 es una gran oportunidad para que las familias puedan adquirir sus productos en un ambiente seguro y organizado, reafirmando el compromiso del municipio con la educaci\u00f3n y el bienestar de la comunidad.<\/p>\n","protected":false},"excerpt":{"rendered":"<p>Vender\u00e1n productos garantizados a precio justo Con gran entusiasmo, se llev\u00f3 a cabo la inauguraci\u00f3n de la Feria Escolar Chilca 2025, un evento que busca apoyar a las familias en la adquisici\u00f3n de \u00fatiles escolares y otros productos esenciales a precios accesibles. La feria estar\u00e1 abierta al p\u00fablico desde hoy, mi\u00e9rcoles 26 de febrero, hasta [&hellip;]<\/p>\n","protected":false},"author":4,"featured_media":0,"comment_status":"open","ping_status":"open","sticky":false,"template":"","format":"standard","meta":{"footnotes":""},"categories":[25],"tags":[],"class_list":["post-17287","post","type-post","status-publish","format-standard","hentry","category-noticias"],"blocksy_meta":[],"rttpg_featured_image_url":null,"rttpg_author":{"display_name":"JGUTARRA","author_link":"https:\/\/munichilca.gob.pe\/site\/author\/jgutarra\/"},"rttpg_comment":0,"rttpg_category":"<a href=\"https:\/\/munichilca.gob.pe\/site\/category\/noticias\/\" rel=\"category tag\">Noticias<\/a>","rttpg_excerpt":"Vender\u00e1n productos garantizados a precio justo Con gran entusiasmo, se llev\u00f3 a cabo la inauguraci\u00f3n de la Feria Escolar Chilca 2025, un evento que busca apoyar a las familias en la adquisici\u00f3n de \u00fatiles escolares y otros productos esenciales a precios accesibles. La feria estar\u00e1 abierta al p\u00fablico desde hoy, mi\u00e9rcoles 26 de febrero, hasta&hellip;","_links":{"self":[{"href":"https:\/\/munichilca.gob.pe\/site\/wp-json\/wp\/v2\/posts\/17287","targetHints":{"allow":["GET"]}}],"collection":[{"href":"https:\/\/munichilca.gob.pe\/site\/wp-json\/wp\/v2\/posts"}],"about":[{"href":"https:\/\/munichilca.gob.pe\/site\/wp-json\/wp\/v2\/types\/post"}],"author":[{"embeddable":true,"href":"https:\/\/munichilca.gob.pe\/site\/wp-json\/wp\/v2\/users\/4"}],"replies":[{"embeddable":true,"href":"https:\/\/munichilca.gob.pe\/site\/wp-json\/wp\/v2\/comments?post=17287"}],"version-history":[{"count":0,"href":"https:\/\/munichilca.gob.pe\/site\/wp-json\/wp\/v2\/posts\/17287\/revisions"}],"wp:attachment":[{"href":"https:\/\/munichilca.gob.pe\/site\/wp-json\/wp\/v2\/media?parent=17287"}],"wp:term":[{"taxonomy":"category","embeddable":true,"href":"https:\/\/munichilca.gob.pe\/site\/wp-json\/wp\/v2\/categories?post=17287"},{"taxonomy":"post_tag","embeddable":true,"href":"https:\/\/munichilca.gob.pe\/site\/wp-json\/wp\/v2\/tags?post=17287"}],"curies":[{"name":"wp","href":"https:\/\/api.w.org\/{rel}","templated":true}]}}