{"id":17233,"date":"2025-03-06T17:07:10","date_gmt":"2025-03-06T17:07:10","guid":{"rendered":"https:\/\/munichilca.gob.pe\/site\/?p=9694"},"modified":"2025-03-06T17:07:10","modified_gmt":"2025-03-06T17:07:10","slug":"en-chilca-mujeres-lideres-son-homenajeadas-por-su-dia","status":"publish","type":"post","link":"https:\/\/munichilca.gob.pe\/site\/2025\/03\/06\/en-chilca-mujeres-lideres-son-homenajeadas-por-su-dia\/","title":{"rendered":"EN CHILCA MUJERES L\u00cdDERES SON HOMENAJEADAS POR SU D\u00cdA"},"content":{"rendered":"<p><img fetchpriority=\"high\" decoding=\"async\" class=\"alignnone size-medium wp-image-9695\" src=\"https:\/\/munichilca.gob.pe\/site\/wp-content\/uploads\/2025\/03\/WhatsApp-Image-2025-03-06-at-3.55.08-PM-640x426.jpeg\" alt=\"\" width=\"640\" height=\"426\" \/> <img decoding=\"async\" class=\"alignnone size-medium wp-image-9696\" src=\"https:\/\/munichilca.gob.pe\/site\/wp-content\/uploads\/2025\/03\/WhatsApp-Image-2025-03-06-at-3.55.09-PM-640x426.jpeg\" alt=\"\" width=\"640\" height=\"426\" \/> <img decoding=\"async\" class=\"alignnone size-medium wp-image-9697\" src=\"https:\/\/munichilca.gob.pe\/site\/wp-content\/uploads\/2025\/03\/WhatsApp-Image-2025-03-06-at-3.55.08-PM-1-640x426.jpeg\" alt=\"\" width=\"640\" height=\"426\" \/><\/p>\n<p>_ Pertenecientes al PVL y ollas comunes_<\/p>\n<p>En el marco de la conmemoraci\u00f3n del D\u00eda Internacional de la Mujer este s\u00e1bado 8 de marzo, la Gerencia de Desarrollo Social de la Municipalidad Distrital de Chilca organiz\u00f3 un significativo reconocimiento a las mujeres representantes de los Comit\u00e9s del Programa Vaso de Leche y Ollas Comunes, en honor a su esfuerzo y compromiso con el bienestar de la comunidad.<\/p>\n<p>El evento cont\u00f3 con la presencia de regidoras en representaci\u00f3n del alcalde C\u00e9sar Damas, as\u00ed como del gerente municipal Ronald Cris\u00f3stomo, quien destac\u00f3 la labor de estas mujeres, resaltando su papel fundamental en la lucha contra la inseguridad alimentaria y su entrega a los sectores m\u00e1s vulnerables del distrito.<\/p>\n<p>Durante la ceremonia, alrededor de 100 mujeres l\u00edderes fueron homenajeadas en un emotivo acto protocolar, en el que se les hizo entrega de presentes en reconocimiento a su dedicaci\u00f3n. La jornada culmin\u00f3 con un almuerzo de confraternidad, reforzando el compromiso de la municipalidad con la equidad y el fortalecimiento del liderazgo femenino en Chilca.<\/p>\n<p>De esta manera, la Municipalidad Distrital de Chilca reafirma su compromiso de seguir apoyando y valorando el esfuerzo de las mujeres que d\u00eda a d\u00eda trabajan por el bienestar de sus comunidades.<\/p>\n","protected":false},"excerpt":{"rendered":"<p>_ Pertenecientes al PVL y ollas comunes_ En el marco de la conmemoraci\u00f3n del D\u00eda Internacional de la Mujer este s\u00e1bado 8 de marzo, la Gerencia de Desarrollo Social de la Municipalidad Distrital de Chilca organiz\u00f3 un significativo reconocimiento a las mujeres representantes de los Comit\u00e9s del Programa Vaso de Leche y Ollas Comunes, en [&hellip;]<\/p>\n","protected":false},"author":4,"featured_media":0,"comment_status":"open","ping_status":"open","sticky":false,"template":"","format":"standard","meta":{"footnotes":""},"categories":[25],"tags":[],"class_list":["post-17233","post","type-post","status-publish","format-standard","hentry","category-noticias"],"blocksy_meta":[],"rttpg_featured_image_url":null,"rttpg_author":{"display_name":"JGUTARRA","author_link":"https:\/\/munichilca.gob.pe\/site\/author\/jgutarra\/"},"rttpg_comment":0,"rttpg_category":"<a href=\"https:\/\/munichilca.gob.pe\/site\/category\/noticias\/\" rel=\"category tag\">Noticias<\/a>","rttpg_excerpt":"_ Pertenecientes al PVL y ollas comunes_ En el marco de la conmemoraci\u00f3n del D\u00eda Internacional de la Mujer este s\u00e1bado 8 de marzo, la Gerencia de Desarrollo Social de la Municipalidad Distrital de Chilca organiz\u00f3 un significativo reconocimiento a las mujeres representantes de los Comit\u00e9s del Programa Vaso de Leche y Ollas Comunes, en&hellip;","_links":{"self":[{"href":"https:\/\/munichilca.gob.pe\/site\/wp-json\/wp\/v2\/posts\/17233","targetHints":{"allow":["GET"]}}],"collection":[{"href":"https:\/\/munichilca.gob.pe\/site\/wp-json\/wp\/v2\/posts"}],"about":[{"href":"https:\/\/munichilca.gob.pe\/site\/wp-json\/wp\/v2\/types\/post"}],"author":[{"embeddable":true,"href":"https:\/\/munichilca.gob.pe\/site\/wp-json\/wp\/v2\/users\/4"}],"replies":[{"embeddable":true,"href":"https:\/\/munichilca.gob.pe\/site\/wp-json\/wp\/v2\/comments?post=17233"}],"version-history":[{"count":0,"href":"https:\/\/munichilca.gob.pe\/site\/wp-json\/wp\/v2\/posts\/17233\/revisions"}],"wp:attachment":[{"href":"https:\/\/munichilca.gob.pe\/site\/wp-json\/wp\/v2\/media?parent=17233"}],"wp:term":[{"taxonomy":"category","embeddable":true,"href":"https:\/\/munichilca.gob.pe\/site\/wp-json\/wp\/v2\/categories?post=17233"},{"taxonomy":"post_tag","embeddable":true,"href":"https:\/\/munichilca.gob.pe\/site\/wp-json\/wp\/v2\/tags?post=17233"}],"curies":[{"name":"wp","href":"https:\/\/api.w.org\/{rel}","templated":true}]}}