{"id":17192,"date":"2025-03-17T09:26:53","date_gmt":"2025-03-17T09:26:53","guid":{"rendered":"https:\/\/munichilca.gob.pe\/site\/?p=9754"},"modified":"2025-03-17T09:26:53","modified_gmt":"2025-03-17T09:26:53","slug":"escolares-se-cortaron-el-cabello-gratis-en-chilca","status":"publish","type":"post","link":"https:\/\/munichilca.gob.pe\/site\/2025\/03\/17\/escolares-se-cortaron-el-cabello-gratis-en-chilca\/","title":{"rendered":"ESCOLARES SE CORTARON EL CABELLO GRATIS EN CHILCA"},"content":{"rendered":"<p><img fetchpriority=\"high\" decoding=\"async\" class=\"alignnone size-medium wp-image-9755\" src=\"https:\/\/munichilca.gob.pe\/site\/wp-content\/uploads\/2025\/03\/WhatsApp-Image-2025-03-14-at-3.15.50-PM-640x426.jpeg\" alt=\"\" width=\"640\" height=\"426\" \/> <img decoding=\"async\" class=\"alignnone size-medium wp-image-9756\" src=\"https:\/\/munichilca.gob.pe\/site\/wp-content\/uploads\/2025\/03\/WhatsApp-Image-2025-03-14-at-3.15.48-PM-640x961.jpeg\" alt=\"\" width=\"640\" height=\"961\" \/><\/p>\n<p>Para iniciar el a\u00f1o escolar<\/p>\n<p>Con gran acogida se llev\u00f3 a cabo la campa\u00f1a de corte de cabello gratuito, dirigida principalmente a ni\u00f1os y adolescentes, gracias al convenio entre la Gerencia de Desarrollo Econ\u00f3mico y Turismo de la Municipalidad Distrital de Chilca y la Escuela Nacional de Barberos.<\/p>\n<p>Esta iniciativa, realizada en el marco del inicio del a\u00f1o escolar, tuvo lugar en la Feria Escolar, ubicada en la Av. Torre Tagle y la Av. 9 de Diciembre. Durante la jornada, decenas de escolares recibieron un corte de cabello, permiti\u00e9ndoles presentarse con una imagen renovada en su regreso a clases.<\/p>\n<p>La actividad no solo benefici\u00f3 a las familias de la comunidad, al aliviar los gastos en la preparaci\u00f3n escolar, sino que tambi\u00e9n foment\u00f3 el acceso a servicios de calidad para los estudiantes.<\/p>\n<p>La Municipalidad Distrital de Chilca reafirma su compromiso con la educaci\u00f3n y el bienestar de la ni\u00f1ez y adolescencia, promoviendo acciones que contribuyan al desarrollo integral de los estudiantes<\/p>\n","protected":false},"excerpt":{"rendered":"<p>Para iniciar el a\u00f1o escolar Con gran acogida se llev\u00f3 a cabo la campa\u00f1a de corte de cabello gratuito, dirigida principalmente a ni\u00f1os y adolescentes, gracias al convenio entre la Gerencia de Desarrollo Econ\u00f3mico y Turismo de la Municipalidad Distrital de Chilca y la Escuela Nacional de Barberos. Esta iniciativa, realizada en el marco del [&hellip;]<\/p>\n","protected":false},"author":4,"featured_media":0,"comment_status":"open","ping_status":"open","sticky":false,"template":"","format":"standard","meta":{"footnotes":""},"categories":[25],"tags":[],"class_list":["post-17192","post","type-post","status-publish","format-standard","hentry","category-noticias"],"blocksy_meta":[],"rttpg_featured_image_url":null,"rttpg_author":{"display_name":"JGUTARRA","author_link":"https:\/\/munichilca.gob.pe\/site\/author\/jgutarra\/"},"rttpg_comment":0,"rttpg_category":"<a href=\"https:\/\/munichilca.gob.pe\/site\/category\/noticias\/\" rel=\"category tag\">Noticias<\/a>","rttpg_excerpt":"Para iniciar el a\u00f1o escolar Con gran acogida se llev\u00f3 a cabo la campa\u00f1a de corte de cabello gratuito, dirigida principalmente a ni\u00f1os y adolescentes, gracias al convenio entre la Gerencia de Desarrollo Econ\u00f3mico y Turismo de la Municipalidad Distrital de Chilca y la Escuela Nacional de Barberos. Esta iniciativa, realizada en el marco del&hellip;","_links":{"self":[{"href":"https:\/\/munichilca.gob.pe\/site\/wp-json\/wp\/v2\/posts\/17192","targetHints":{"allow":["GET"]}}],"collection":[{"href":"https:\/\/munichilca.gob.pe\/site\/wp-json\/wp\/v2\/posts"}],"about":[{"href":"https:\/\/munichilca.gob.pe\/site\/wp-json\/wp\/v2\/types\/post"}],"author":[{"embeddable":true,"href":"https:\/\/munichilca.gob.pe\/site\/wp-json\/wp\/v2\/users\/4"}],"replies":[{"embeddable":true,"href":"https:\/\/munichilca.gob.pe\/site\/wp-json\/wp\/v2\/comments?post=17192"}],"version-history":[{"count":0,"href":"https:\/\/munichilca.gob.pe\/site\/wp-json\/wp\/v2\/posts\/17192\/revisions"}],"wp:attachment":[{"href":"https:\/\/munichilca.gob.pe\/site\/wp-json\/wp\/v2\/media?parent=17192"}],"wp:term":[{"taxonomy":"category","embeddable":true,"href":"https:\/\/munichilca.gob.pe\/site\/wp-json\/wp\/v2\/categories?post=17192"},{"taxonomy":"post_tag","embeddable":true,"href":"https:\/\/munichilca.gob.pe\/site\/wp-json\/wp\/v2\/tags?post=17192"}],"curies":[{"name":"wp","href":"https:\/\/api.w.org\/{rel}","templated":true}]}}