{"id":17162,"date":"2025-03-21T16:15:09","date_gmt":"2025-03-21T16:15:09","guid":{"rendered":"https:\/\/munichilca.gob.pe\/site\/?p=9798"},"modified":"2025-03-21T16:15:09","modified_gmt":"2025-03-21T16:15:09","slug":"invitan-a-comerciantes-a-participar-en-la-feria-de-cuasimodo-2025","status":"publish","type":"post","link":"https:\/\/munichilca.gob.pe\/site\/2025\/03\/21\/invitan-a-comerciantes-a-participar-en-la-feria-de-cuasimodo-2025\/","title":{"rendered":"INVITAN A COMERCIANTES A PARTICIPAR EN LA FERIA DE CUASIMODO 2025"},"content":{"rendered":"<p><img fetchpriority=\"high\" decoding=\"async\" class=\"alignnone size-medium wp-image-9799\" src=\"https:\/\/munichilca.gob.pe\/site\/wp-content\/uploads\/2025\/03\/WhatsApp-Image-2025-03-21-at-1.03.56-PM-640x426.jpeg\" alt=\"\" width=\"640\" height=\"426\" \/> <img decoding=\"async\" class=\"alignnone size-medium wp-image-9800\" src=\"https:\/\/munichilca.gob.pe\/site\/wp-content\/uploads\/2025\/03\/WhatsApp-Image-2025-03-21-at-1.03.56-PM-1-640x426.jpeg\" alt=\"\" width=\"640\" height=\"426\" \/><\/p>\n<p>Emprendedores dar\u00e1n a conocer sus productos y servicios<\/p>\n<p>La Oficina de Ferias y Turismo de la Gerencia de Desarrollo Econ\u00f3mico de la Municipalidad Distrital de Chilca extiende una cordial invitaci\u00f3n a todos los comerciantes y emprendedores interesados en formar parte de la feria gastron\u00f3mica, artesanal, textiles recreativos y diversi\u00f3n, que se llevar\u00e1 a cabo en el marco de la Feria Nacional Ganadera Cuasimodo 2025.<\/p>\n<p>Los comerciantes de todos los rubros que deseen participar deber\u00e1n acercarse a la oficina de turismo y ferias portando el pago correspondiente por el uso de espacio y su carnet de sanidad vigente.<\/p>\n<p>Por su parte, el responsable del \u00e1rea de la Oficina de Feria y Turismo, Daniel Yaranga Gago, destac\u00f3 que las inscripciones ya se encuentran abiertas y que la feria se desarrollar\u00e1 desde el 24 hasta el 28 de abril de 2025. Adem\u00e1s, resalt\u00f3 que todos los inscritos participar\u00e1n en una capacitaci\u00f3n sobre trato al consumidor y buen manejo de alimentos, la cual se realizar\u00e1 previa al inicio del evento.<\/p>\n<p>Esta feria representa una excelente oportunidad para que los comerciantes y emprendedores de Chilca y sus alrededores den a conocer sus productos y servicios, contribuyendo as\u00ed al desarrollo econ\u00f3mico local y al fortalecimiento de la identidad cultural de la regi\u00f3n.<\/p>\n<p>Para mayor informaci\u00f3n, los interesados pueden acudir a la Oficina de Feria y Turismo de la Municipalidad Distrital de Chilca o contactarse a trav\u00e9s de los canales oficiales de la instituci\u00f3n.<\/p>\n","protected":false},"excerpt":{"rendered":"<p>Emprendedores dar\u00e1n a conocer sus productos y servicios La Oficina de Ferias y Turismo de la Gerencia de Desarrollo Econ\u00f3mico de la Municipalidad Distrital de Chilca extiende una cordial invitaci\u00f3n a todos los comerciantes y emprendedores interesados en formar parte de la feria gastron\u00f3mica, artesanal, textiles recreativos y diversi\u00f3n, que se llevar\u00e1 a cabo en [&hellip;]<\/p>\n","protected":false},"author":4,"featured_media":0,"comment_status":"open","ping_status":"open","sticky":false,"template":"","format":"standard","meta":{"footnotes":""},"categories":[25],"tags":[],"class_list":["post-17162","post","type-post","status-publish","format-standard","hentry","category-noticias"],"blocksy_meta":[],"rttpg_featured_image_url":null,"rttpg_author":{"display_name":"JGUTARRA","author_link":"https:\/\/munichilca.gob.pe\/site\/author\/jgutarra\/"},"rttpg_comment":0,"rttpg_category":"<a href=\"https:\/\/munichilca.gob.pe\/site\/category\/noticias\/\" rel=\"category tag\">Noticias<\/a>","rttpg_excerpt":"Emprendedores dar\u00e1n a conocer sus productos y servicios La Oficina de Ferias y Turismo de la Gerencia de Desarrollo Econ\u00f3mico de la Municipalidad Distrital de Chilca extiende una cordial invitaci\u00f3n a todos los comerciantes y emprendedores interesados en formar parte de la feria gastron\u00f3mica, artesanal, textiles recreativos y diversi\u00f3n, que se llevar\u00e1 a cabo en&hellip;","_links":{"self":[{"href":"https:\/\/munichilca.gob.pe\/site\/wp-json\/wp\/v2\/posts\/17162","targetHints":{"allow":["GET"]}}],"collection":[{"href":"https:\/\/munichilca.gob.pe\/site\/wp-json\/wp\/v2\/posts"}],"about":[{"href":"https:\/\/munichilca.gob.pe\/site\/wp-json\/wp\/v2\/types\/post"}],"author":[{"embeddable":true,"href":"https:\/\/munichilca.gob.pe\/site\/wp-json\/wp\/v2\/users\/4"}],"replies":[{"embeddable":true,"href":"https:\/\/munichilca.gob.pe\/site\/wp-json\/wp\/v2\/comments?post=17162"}],"version-history":[{"count":0,"href":"https:\/\/munichilca.gob.pe\/site\/wp-json\/wp\/v2\/posts\/17162\/revisions"}],"wp:attachment":[{"href":"https:\/\/munichilca.gob.pe\/site\/wp-json\/wp\/v2\/media?parent=17162"}],"wp:term":[{"taxonomy":"category","embeddable":true,"href":"https:\/\/munichilca.gob.pe\/site\/wp-json\/wp\/v2\/categories?post=17162"},{"taxonomy":"post_tag","embeddable":true,"href":"https:\/\/munichilca.gob.pe\/site\/wp-json\/wp\/v2\/tags?post=17162"}],"curies":[{"name":"wp","href":"https:\/\/api.w.org\/{rel}","templated":true}]}}