{"id":17133,"date":"2025-03-27T16:09:37","date_gmt":"2025-03-27T16:09:37","guid":{"rendered":"https:\/\/munichilca.gob.pe\/site\/?p=9843"},"modified":"2025-03-27T16:09:37","modified_gmt":"2025-03-27T16:09:37","slug":"ninos-de-chilca-se-movilizan-pidiendo-cuidado-del-medio-ambiente","status":"publish","type":"post","link":"https:\/\/munichilca.gob.pe\/site\/2025\/03\/27\/ninos-de-chilca-se-movilizan-pidiendo-cuidado-del-medio-ambiente\/","title":{"rendered":"Ni\u00f1os de Chilca se movilizan pidiendo cuidado del medio ambiente"},"content":{"rendered":"<p><img fetchpriority=\"high\" decoding=\"async\" class=\"alignnone size-medium wp-image-9847\" src=\"https:\/\/munichilca.gob.pe\/site\/wp-content\/uploads\/2025\/03\/WhatsApp-Image-2025-03-26-at-3.07.50-PM-1-640x288.jpeg\" alt=\"\" width=\"640\" height=\"288\" \/> <img decoding=\"async\" class=\"alignnone size-medium wp-image-9848\" src=\"https:\/\/munichilca.gob.pe\/site\/wp-content\/uploads\/2025\/03\/WhatsApp-Image-2025-03-26-at-3.07.51-PM-1-640x288.jpeg\" alt=\"\" width=\"640\" height=\"288\" \/><\/p>\n<p>Con motivo del D\u00eda Mundial del Cambio Clim\u00e1tico, los estudiantes de la instituci\u00f3n educativa Francisco Bolognesi 30155, y el programa Municipal EDUCCA de la Gerencia de servicios p\u00fablicos de la Municipalidad Distrital de Chilca, llevaron a cabo una marcha por las principales calles de Chilca, con el objetivo de sensibilizar y concientizar a la poblaci\u00f3n sobre la importancia de cuidar nuestro planeta y mitigar los efectos del cambio clim\u00e1tico.<\/p>\n<p>Durante el recorrido, que abarc\u00f3 m\u00e1s de 10 cuadras, los j\u00f3venes estudiantes, acompa\u00f1ados por sus docentes y autoridades locales, difundieron mensajes clave para reducir el impacto ambiental en nuestra comunidad. Entre los temas tratados, destacaron la importancia de reducir el consumismo y la generaci\u00f3n de residuos s\u00f3lidos, la necesidad de promover la forestaci\u00f3n, as\u00ed como la conciencia sobre el uso responsable de energ\u00edas y agua.<\/p>\n<p>El evento fue una demostraci\u00f3n del compromiso de la comunidad educativa del Colegio Francisco Bolognesi con la lucha contra el cambio clim\u00e1tico, promoviendo h\u00e1bitos sostenibles que contribuyan a un futuro m\u00e1s verde y saludable para todos.<\/p>\n<p>Los estudiantes, con pancartas, carteles y consignas, recorrieron las principales avenidas de la ciudad, involucrando a la ciudadan\u00eda en esta causa global que afecta a todos los rincones del planeta.<\/p>\n<p>Durante la actividad, se invit\u00f3 a los vecinos a sumarse a la iniciativa, adoptando pr\u00e1cticas m\u00e1s responsables y ecol\u00f3gicas en su vida diaria.<\/p>\n<p>El evento cont\u00f3 con el respaldo de las autoridades locales, quienes expresaron su apoyo a estas acciones de sensibilizaci\u00f3n, reafirmando el compromiso del municipio con las pol\u00edticas medioambientales y el fomento de la educaci\u00f3n ambiental en las nuevas generaciones.<\/p>\n","protected":false},"excerpt":{"rendered":"<p>Con motivo del D\u00eda Mundial del Cambio Clim\u00e1tico, los estudiantes de la instituci\u00f3n educativa Francisco Bolognesi 30155, y el programa Municipal EDUCCA de la Gerencia de servicios p\u00fablicos de la Municipalidad Distrital de Chilca, llevaron a cabo una marcha por las principales calles de Chilca, con el objetivo de sensibilizar y concientizar a la poblaci\u00f3n [&hellip;]<\/p>\n","protected":false},"author":4,"featured_media":0,"comment_status":"open","ping_status":"open","sticky":false,"template":"","format":"standard","meta":{"footnotes":""},"categories":[25],"tags":[],"class_list":["post-17133","post","type-post","status-publish","format-standard","hentry","category-noticias"],"blocksy_meta":[],"rttpg_featured_image_url":null,"rttpg_author":{"display_name":"JGUTARRA","author_link":"https:\/\/munichilca.gob.pe\/site\/author\/jgutarra\/"},"rttpg_comment":0,"rttpg_category":"<a href=\"https:\/\/munichilca.gob.pe\/site\/category\/noticias\/\" rel=\"category tag\">Noticias<\/a>","rttpg_excerpt":"Con motivo del D\u00eda Mundial del Cambio Clim\u00e1tico, los estudiantes de la instituci\u00f3n educativa Francisco Bolognesi 30155, y el programa Municipal EDUCCA de la Gerencia de servicios p\u00fablicos de la Municipalidad Distrital de Chilca, llevaron a cabo una marcha por las principales calles de Chilca, con el objetivo de sensibilizar y concientizar a la poblaci\u00f3n&hellip;","_links":{"self":[{"href":"https:\/\/munichilca.gob.pe\/site\/wp-json\/wp\/v2\/posts\/17133","targetHints":{"allow":["GET"]}}],"collection":[{"href":"https:\/\/munichilca.gob.pe\/site\/wp-json\/wp\/v2\/posts"}],"about":[{"href":"https:\/\/munichilca.gob.pe\/site\/wp-json\/wp\/v2\/types\/post"}],"author":[{"embeddable":true,"href":"https:\/\/munichilca.gob.pe\/site\/wp-json\/wp\/v2\/users\/4"}],"replies":[{"embeddable":true,"href":"https:\/\/munichilca.gob.pe\/site\/wp-json\/wp\/v2\/comments?post=17133"}],"version-history":[{"count":0,"href":"https:\/\/munichilca.gob.pe\/site\/wp-json\/wp\/v2\/posts\/17133\/revisions"}],"wp:attachment":[{"href":"https:\/\/munichilca.gob.pe\/site\/wp-json\/wp\/v2\/media?parent=17133"}],"wp:term":[{"taxonomy":"category","embeddable":true,"href":"https:\/\/munichilca.gob.pe\/site\/wp-json\/wp\/v2\/categories?post=17133"},{"taxonomy":"post_tag","embeddable":true,"href":"https:\/\/munichilca.gob.pe\/site\/wp-json\/wp\/v2\/tags?post=17133"}],"curies":[{"name":"wp","href":"https:\/\/api.w.org\/{rel}","templated":true}]}}