{"id":17127,"date":"2025-03-27T16:13:12","date_gmt":"2025-03-27T16:13:12","guid":{"rendered":"https:\/\/munichilca.gob.pe\/site\/?p=9855"},"modified":"2025-03-27T16:13:12","modified_gmt":"2025-03-27T16:13:12","slug":"mantienen-areas-verdes-y-mejoran-ornato-en-chilca","status":"publish","type":"post","link":"https:\/\/munichilca.gob.pe\/site\/2025\/03\/27\/mantienen-areas-verdes-y-mejoran-ornato-en-chilca\/","title":{"rendered":"MANTIENEN \u00c1REAS VERDES Y MEJORAN ORNATO EN CHILCA"},"content":{"rendered":"<p><img fetchpriority=\"high\" decoding=\"async\" class=\"alignnone size-medium wp-image-9856\" src=\"https:\/\/munichilca.gob.pe\/site\/wp-content\/uploads\/2025\/03\/WhatsApp-Image-2025-03-27-at-12.39.56-PM-640x480.jpeg\" alt=\"\" width=\"640\" height=\"480\" \/> <img decoding=\"async\" class=\"alignnone size-medium wp-image-9857\" src=\"https:\/\/munichilca.gob.pe\/site\/wp-content\/uploads\/2025\/03\/WhatsApp-Image-2025-03-27-at-12.39.57-PM-640x288.jpeg\" alt=\"\" width=\"640\" height=\"288\" \/><\/p>\n<p>Activividad cont\u00f3 con participaci\u00f3n de vecinos<\/p>\n<p>En el marco del programa \u201cLos Jueves de Faena\u201d, el personal de la Gerencia de Servicios P\u00fablicos de la Municipalidad Distrital de Chilca realiz\u00f3 trabajos de mantenimiento y embellecimiento en la Av. Jacinto Ibarra, cuadra 13, donde se ejecutaron labores de canteo, podado y perfilado de \u00e1reas verdes, contribuyendo al mejoramiento paisaj\u00edstico del distrito.<\/p>\n<p>El gerente de Servicios P\u00fablicos, Tito Orellana, destac\u00f3 que esta iniciativa se fortalece con el apoyo de los vecinos, permitiendo intervenir en las principales avenidas de Chilca para mantener espacios p\u00fablicos limpios y ordenados. \u201cTrabajamos de la mano con la comunidad para garantizar un distrito m\u00e1s verde y bien cuidado\u201d, se\u00f1al\u00f3.<\/p>\n<p>En conclusi\u00f3n, el mejoramiento del ornato no es solo cuesti\u00f3n de est\u00e9tica, sino un factor clave para el desarrollo social, econ\u00f3mico y ambiental de un distrito. Una ciudad bien cuidada refleja una sociedad organizada y comprometida con su futuro.<\/p>\n<p>Con estas acciones, la comuna reafirma su compromiso con el cuidado del medio ambiente y el ornato, incentivando la participaci\u00f3n ciudadana en el mantenimiento de las \u00e1reas comunes.<\/p>\n","protected":false},"excerpt":{"rendered":"<p>Activividad cont\u00f3 con participaci\u00f3n de vecinos En el marco del programa \u201cLos Jueves de Faena\u201d, el personal de la Gerencia de Servicios P\u00fablicos de la Municipalidad Distrital de Chilca realiz\u00f3 trabajos de mantenimiento y embellecimiento en la Av. Jacinto Ibarra, cuadra 13, donde se ejecutaron labores de canteo, podado y perfilado de \u00e1reas verdes, contribuyendo [&hellip;]<\/p>\n","protected":false},"author":4,"featured_media":0,"comment_status":"open","ping_status":"open","sticky":false,"template":"","format":"standard","meta":{"footnotes":""},"categories":[25],"tags":[],"class_list":["post-17127","post","type-post","status-publish","format-standard","hentry","category-noticias"],"blocksy_meta":[],"rttpg_featured_image_url":null,"rttpg_author":{"display_name":"JGUTARRA","author_link":"https:\/\/munichilca.gob.pe\/site\/author\/jgutarra\/"},"rttpg_comment":0,"rttpg_category":"<a href=\"https:\/\/munichilca.gob.pe\/site\/category\/noticias\/\" rel=\"category tag\">Noticias<\/a>","rttpg_excerpt":"Activividad cont\u00f3 con participaci\u00f3n de vecinos En el marco del programa \u201cLos Jueves de Faena\u201d, el personal de la Gerencia de Servicios P\u00fablicos de la Municipalidad Distrital de Chilca realiz\u00f3 trabajos de mantenimiento y embellecimiento en la Av. Jacinto Ibarra, cuadra 13, donde se ejecutaron labores de canteo, podado y perfilado de \u00e1reas verdes, contribuyendo&hellip;","_links":{"self":[{"href":"https:\/\/munichilca.gob.pe\/site\/wp-json\/wp\/v2\/posts\/17127","targetHints":{"allow":["GET"]}}],"collection":[{"href":"https:\/\/munichilca.gob.pe\/site\/wp-json\/wp\/v2\/posts"}],"about":[{"href":"https:\/\/munichilca.gob.pe\/site\/wp-json\/wp\/v2\/types\/post"}],"author":[{"embeddable":true,"href":"https:\/\/munichilca.gob.pe\/site\/wp-json\/wp\/v2\/users\/4"}],"replies":[{"embeddable":true,"href":"https:\/\/munichilca.gob.pe\/site\/wp-json\/wp\/v2\/comments?post=17127"}],"version-history":[{"count":0,"href":"https:\/\/munichilca.gob.pe\/site\/wp-json\/wp\/v2\/posts\/17127\/revisions"}],"wp:attachment":[{"href":"https:\/\/munichilca.gob.pe\/site\/wp-json\/wp\/v2\/media?parent=17127"}],"wp:term":[{"taxonomy":"category","embeddable":true,"href":"https:\/\/munichilca.gob.pe\/site\/wp-json\/wp\/v2\/categories?post=17127"},{"taxonomy":"post_tag","embeddable":true,"href":"https:\/\/munichilca.gob.pe\/site\/wp-json\/wp\/v2\/tags?post=17127"}],"curies":[{"name":"wp","href":"https:\/\/api.w.org\/{rel}","templated":true}]}}