{"id":17104,"date":"2025-04-10T14:15:43","date_gmt":"2025-04-10T14:15:43","guid":{"rendered":"https:\/\/munichilca.gob.pe\/site\/?p=9896"},"modified":"2025-04-10T14:15:43","modified_gmt":"2025-04-10T14:15:43","slug":"chilca-anuncia-el-inicio-de-la-feria-nacional-ganadera-cuasimodo-2025","status":"publish","type":"post","link":"https:\/\/munichilca.gob.pe\/site\/2025\/04\/10\/chilca-anuncia-el-inicio-de-la-feria-nacional-ganadera-cuasimodo-2025\/","title":{"rendered":"CHILCA ANUNCIA EL INICIO DE LA FERIA NACIONAL GANADERA CUASIMODO 2025"},"content":{"rendered":"<p><img fetchpriority=\"high\" decoding=\"async\" class=\"alignnone size-medium wp-image-9897\" src=\"https:\/\/munichilca.gob.pe\/site\/wp-content\/uploads\/2025\/04\/WhatsApp-Image-2025-04-07-at-1.02.17-PM-640x426.jpeg\" alt=\"\" width=\"640\" height=\"426\" \/> <img decoding=\"async\" class=\"alignnone size-medium wp-image-9898\" src=\"https:\/\/munichilca.gob.pe\/site\/wp-content\/uploads\/2025\/04\/WhatsApp-Image-2025-04-07-at-1.02.16-PM-1-640x426.jpeg\" alt=\"\" width=\"640\" height=\"426\" \/> <img decoding=\"async\" class=\"alignnone size-medium wp-image-9899\" src=\"https:\/\/munichilca.gob.pe\/site\/wp-content\/uploads\/2025\/04\/WhatsApp-Image-2025-04-07-at-1.02.16-PM-640x426.jpeg\" alt=\"\" width=\"640\" height=\"426\" \/> <img loading=\"lazy\" decoding=\"async\" class=\"alignnone size-medium wp-image-9900\" src=\"https:\/\/munichilca.gob.pe\/site\/wp-content\/uploads\/2025\/04\/WhatsApp-Image-2025-04-07-at-1.02.15-PM-640x426.jpeg\" alt=\"\" width=\"640\" height=\"426\" \/><\/p>\n<p>La Municipalidad Distrital de Chilca anunci\u00f3 oficialmente el desarrollo de la Feria Nacional Ganadera Cuasimodo 2025, que se llevar\u00e1 a cabo del 24 al 28 de abril en el Campo Zonal de Coto Coto, y promete ser una de las celebraciones m\u00e1s importantes del calendario cultural y ganadero del centro del pa\u00eds.<\/p>\n<p>Como antesala al gran evento, se ha programado una conferencia de prensa para este jueves 10 de abril, donde se dar\u00e1n a conocer los detalles de las actividades programadas, entre ellas la esperada elecci\u00f3n de la Miss Chilca Cuasimodo 2025.<\/p>\n<p>La feria se inaugurar\u00e1 oficialmente con un colorido pasacalle, que partir\u00e1 desde el Parque Huamanmarca hasta el Campo Zonal de Coto Coto, con la participaci\u00f3n de diversas delegaciones invitadas, agrupaciones folcl\u00f3ricas, ganaderos, y representantes de distintas instituciones.<br \/>\nEntre las actividades m\u00e1s destacadas se encuentran la carrera de morochucos, el juzgamiento de ganado, la preparaci\u00f3n de la pachamanca m\u00e1s grande del mundo, la carrera de mototaxis, f\u00fatbol en polleras, exhibici\u00f3n canina y las presentaciones art\u00edsticas de renombre nacional e internacional<br \/>\nLa entrada a la feria tendr\u00e1 un costo simb\u00f3lico de 2 soles, que ser\u00e1 destinado a la adquisici\u00f3n de c\u00e1maras de vigilancia para mejorar la seguridad ciudadana del distrito. As\u00ed lo inform\u00f3 el Gerente Municipal, Arq. Ronald Cris\u00f3stomo, quien adem\u00e1s hizo una cordial invitaci\u00f3n a toda la poblaci\u00f3n a participar activamente en esta festividad.<br \/>\n\u201cInvitamos a las familias de Chilca, Huancayo y de todo el pa\u00eds a disfrutar de esta gran feria que no solo promueve nuestras tradiciones y cultura, sino que tambi\u00e9n impulsa el desarrollo econ\u00f3mico local.<\/p>\n<p>Adem\u00e1s, habr\u00e1 miles de soles en premios para los ganadores de las diversas competencias\u201d, destac\u00f3 el funcionario.<br \/>\nLa Feria Nacional Ganadera Cuasimodo 2025 se proyecta como un evento integrador, festivo y lleno de identidad, en el que la tradici\u00f3n, la gastronom\u00eda, la m\u00fasica y la ganader\u00eda se unir\u00e1n para brindar una experiencia inolvidable.<\/p>\n","protected":false},"excerpt":{"rendered":"<p>La Municipalidad Distrital de Chilca anunci\u00f3 oficialmente el desarrollo de la Feria Nacional Ganadera Cuasimodo 2025, que se llevar\u00e1 a cabo del 24 al 28 de abril en el Campo Zonal de Coto Coto, y promete ser una de las celebraciones m\u00e1s importantes del calendario cultural y ganadero del centro del pa\u00eds. Como antesala al [&hellip;]<\/p>\n","protected":false},"author":4,"featured_media":0,"comment_status":"open","ping_status":"open","sticky":false,"template":"","format":"standard","meta":{"footnotes":""},"categories":[25],"tags":[],"class_list":["post-17104","post","type-post","status-publish","format-standard","hentry","category-noticias"],"blocksy_meta":[],"rttpg_featured_image_url":null,"rttpg_author":{"display_name":"JGUTARRA","author_link":"https:\/\/munichilca.gob.pe\/site\/author\/jgutarra\/"},"rttpg_comment":0,"rttpg_category":"<a href=\"https:\/\/munichilca.gob.pe\/site\/category\/noticias\/\" rel=\"category tag\">Noticias<\/a>","rttpg_excerpt":"La Municipalidad Distrital de Chilca anunci\u00f3 oficialmente el desarrollo de la Feria Nacional Ganadera Cuasimodo 2025, que se llevar\u00e1 a cabo del 24 al 28 de abril en el Campo Zonal de Coto Coto, y promete ser una de las celebraciones m\u00e1s importantes del calendario cultural y ganadero del centro del pa\u00eds. Como antesala al&hellip;","_links":{"self":[{"href":"https:\/\/munichilca.gob.pe\/site\/wp-json\/wp\/v2\/posts\/17104","targetHints":{"allow":["GET"]}}],"collection":[{"href":"https:\/\/munichilca.gob.pe\/site\/wp-json\/wp\/v2\/posts"}],"about":[{"href":"https:\/\/munichilca.gob.pe\/site\/wp-json\/wp\/v2\/types\/post"}],"author":[{"embeddable":true,"href":"https:\/\/munichilca.gob.pe\/site\/wp-json\/wp\/v2\/users\/4"}],"replies":[{"embeddable":true,"href":"https:\/\/munichilca.gob.pe\/site\/wp-json\/wp\/v2\/comments?post=17104"}],"version-history":[{"count":0,"href":"https:\/\/munichilca.gob.pe\/site\/wp-json\/wp\/v2\/posts\/17104\/revisions"}],"wp:attachment":[{"href":"https:\/\/munichilca.gob.pe\/site\/wp-json\/wp\/v2\/media?parent=17104"}],"wp:term":[{"taxonomy":"category","embeddable":true,"href":"https:\/\/munichilca.gob.pe\/site\/wp-json\/wp\/v2\/categories?post=17104"},{"taxonomy":"post_tag","embeddable":true,"href":"https:\/\/munichilca.gob.pe\/site\/wp-json\/wp\/v2\/tags?post=17104"}],"curies":[{"name":"wp","href":"https:\/\/api.w.org\/{rel}","templated":true}]}}