{"id":17091,"date":"2025-04-14T08:48:56","date_gmt":"2025-04-14T08:48:56","guid":{"rendered":"https:\/\/munichilca.gob.pe\/site\/?p=9923"},"modified":"2025-04-14T08:48:56","modified_gmt":"2025-04-14T08:48:56","slug":"academia-muni-chilca-inicia-nuevo-ciclo-de-preparacion","status":"publish","type":"post","link":"https:\/\/munichilca.gob.pe\/site\/2025\/04\/14\/academia-muni-chilca-inicia-nuevo-ciclo-de-preparacion\/","title":{"rendered":"ACADEMIA MUNI CHILCA INICIA NUEVO CICLO DE PREPARACI\u00d3N"},"content":{"rendered":"<p><img fetchpriority=\"high\" decoding=\"async\" class=\"alignnone size-medium wp-image-9924\" src=\"https:\/\/munichilca.gob.pe\/site\/wp-content\/uploads\/2025\/04\/WhatsApp-Image-2025-04-11-at-4.58.33-PM-640x426.jpeg\" alt=\"\" width=\"640\" height=\"426\" \/> <img decoding=\"async\" class=\"alignnone size-medium wp-image-9925\" src=\"https:\/\/munichilca.gob.pe\/site\/wp-content\/uploads\/2025\/04\/WhatsApp-Image-2025-04-11-at-4.58.31-PM-640x426.jpeg\" alt=\"\" width=\"640\" height=\"426\" \/><\/p>\n<p>Con amplios beneficios para los estudiantes<\/p>\n<p>La Academia Municipal del Distrito de Chilca anuncia el inicio de su ciclo semestral y el programa de primera selecci\u00f3n 2025, que dar\u00e1 inicio este lunes 14 y 21 de abril, respectivamente. Las clases se desarrollar\u00e1n de lunes a s\u00e1bado en los horarios, ciclo semestral de 8:00 a.m. a 2:00, primera selecci\u00f3n y Beca 18 de 3:00 p.m. a 8:30 p.m.<\/p>\n<p>Adem\u00e1s de la formaci\u00f3n acad\u00e9mica, los estudiantes tendr\u00e1n acceso a una serie de servicios integrales que incluyen atenciones psicol\u00f3gicas personalizadas, acceso a la biblioteca virtual, atenci\u00f3n visual oftalmol\u00f3gica, y atenci\u00f3n odontol\u00f3gica.<\/p>\n<p>Estos servicios buscan garantizar el bienestar y desarrollo integral de los alumnos, fortaleciendo su preparaci\u00f3n para los ex\u00e1menes de ingreso a las universidades.<\/p>\n<p>Entre los logros destacados, la Academia Municipal de Chilca ha demostrado su excelencia acad\u00e9mica con el ingreso de 80 j\u00f3venes a prestigiosas universidades del pa\u00eds, entre ellas la Universidad Nacional del Centro del Per\u00fa, en las modalidades de ordinaria y Beca 18.<\/p>\n<p>Desde el inicio de la gesti\u00f3n del alcalde C\u00e9sar D\u00e1maso Laurente, se ha logrado que 700 alumnos ingresen a la educaci\u00f3n superior, consolidando a la academia como un referente en la preparaci\u00f3n preuniversitaria en la regi\u00f3n.<\/p>\n<p>La Municipalidad de Chilca reafirma su compromiso con la educaci\u00f3n y el futuro de los j\u00f3venes, brindando herramientas y oportunidades para su desarrollo profesional y personal.<\/p>\n<p>Los informes e inscripciones se encuentran abiertas, y los interesados pueden acercarse a las instalaciones de la Academia Municipal de Chilca ubicada en la Av. 9 de Diciembre 406 a la altura de supermercados Metro.<\/p>\n","protected":false},"excerpt":{"rendered":"<p>Con amplios beneficios para los estudiantes La Academia Municipal del Distrito de Chilca anuncia el inicio de su ciclo semestral y el programa de primera selecci\u00f3n 2025, que dar\u00e1 inicio este lunes 14 y 21 de abril, respectivamente. Las clases se desarrollar\u00e1n de lunes a s\u00e1bado en los horarios, ciclo semestral de 8:00 a.m. a [&hellip;]<\/p>\n","protected":false},"author":4,"featured_media":0,"comment_status":"open","ping_status":"open","sticky":false,"template":"","format":"standard","meta":{"footnotes":""},"categories":[25],"tags":[],"class_list":["post-17091","post","type-post","status-publish","format-standard","hentry","category-noticias"],"blocksy_meta":[],"rttpg_featured_image_url":null,"rttpg_author":{"display_name":"JGUTARRA","author_link":"https:\/\/munichilca.gob.pe\/site\/author\/jgutarra\/"},"rttpg_comment":0,"rttpg_category":"<a href=\"https:\/\/munichilca.gob.pe\/site\/category\/noticias\/\" rel=\"category tag\">Noticias<\/a>","rttpg_excerpt":"Con amplios beneficios para los estudiantes La Academia Municipal del Distrito de Chilca anuncia el inicio de su ciclo semestral y el programa de primera selecci\u00f3n 2025, que dar\u00e1 inicio este lunes 14 y 21 de abril, respectivamente. Las clases se desarrollar\u00e1n de lunes a s\u00e1bado en los horarios, ciclo semestral de 8:00 a.m. a&hellip;","_links":{"self":[{"href":"https:\/\/munichilca.gob.pe\/site\/wp-json\/wp\/v2\/posts\/17091","targetHints":{"allow":["GET"]}}],"collection":[{"href":"https:\/\/munichilca.gob.pe\/site\/wp-json\/wp\/v2\/posts"}],"about":[{"href":"https:\/\/munichilca.gob.pe\/site\/wp-json\/wp\/v2\/types\/post"}],"author":[{"embeddable":true,"href":"https:\/\/munichilca.gob.pe\/site\/wp-json\/wp\/v2\/users\/4"}],"replies":[{"embeddable":true,"href":"https:\/\/munichilca.gob.pe\/site\/wp-json\/wp\/v2\/comments?post=17091"}],"version-history":[{"count":0,"href":"https:\/\/munichilca.gob.pe\/site\/wp-json\/wp\/v2\/posts\/17091\/revisions"}],"wp:attachment":[{"href":"https:\/\/munichilca.gob.pe\/site\/wp-json\/wp\/v2\/media?parent=17091"}],"wp:term":[{"taxonomy":"category","embeddable":true,"href":"https:\/\/munichilca.gob.pe\/site\/wp-json\/wp\/v2\/categories?post=17091"},{"taxonomy":"post_tag","embeddable":true,"href":"https:\/\/munichilca.gob.pe\/site\/wp-json\/wp\/v2\/tags?post=17091"}],"curies":[{"name":"wp","href":"https:\/\/api.w.org\/{rel}","templated":true}]}}