{"id":17044,"date":"2025-05-09T08:40:28","date_gmt":"2025-05-09T08:40:28","guid":{"rendered":"https:\/\/munichilca.gob.pe\/site\/?p=10003"},"modified":"2025-05-09T08:40:28","modified_gmt":"2025-05-09T08:40:28","slug":"programa-educca-de-chilca-capacita-brigadistas-escolares-ambientales","status":"publish","type":"post","link":"https:\/\/munichilca.gob.pe\/site\/2025\/05\/09\/programa-educca-de-chilca-capacita-brigadistas-escolares-ambientales\/","title":{"rendered":"PROGRAMA EDUCCA DE CHILCA CAPACITA BRIGADISTAS ESCOLARES AMBIENTALES"},"content":{"rendered":"<p><img fetchpriority=\"high\" decoding=\"async\" class=\"alignnone size-medium wp-image-10004\" src=\"https:\/\/munichilca.gob.pe\/site\/wp-content\/uploads\/2025\/05\/WhatsApp-Image-2025-05-08-at-3.43.33-PM-640x426.jpeg\" alt=\"\" width=\"640\" height=\"426\" \/> <img decoding=\"async\" class=\"alignnone size-medium wp-image-10005\" src=\"https:\/\/munichilca.gob.pe\/site\/wp-content\/uploads\/2025\/05\/WhatsApp-Image-2025-05-08-at-3.43.34-PM-640x426.jpeg\" alt=\"\" width=\"640\" height=\"426\" \/><\/p>\n<p>Promotores brindaron sesiones educativas en la I.E. Tupac Amaru<\/p>\n<p>En el marco de las acciones del Programa Municipal de Educaci\u00f3n, Cultura y Ciudadan\u00eda Ambiental (EDUCCA), la Gerencia de Servicios P\u00fablicos de la Municipalidad Distrital de Chilca llev\u00f3 a cabo una importante jornada de capacitaci\u00f3n dirigida a los Brigadistas Escolares Ambientales de la Instituci\u00f3n Educativa T\u00fapac Amaru, correspondiente a los estudiantes de cuarto y quinto a\u00f1o del nivel secundario.<\/p>\n<p>La actividad estuvo a cargo del Ing. Jos\u00e9 Mar\u00eda Melo Marmolejo, responsable del \u00e1rea, quien abord\u00f3 temas fundamentales como la segregaci\u00f3n adecuada de los residuos s\u00f3lidos, el cuidado del medio ambiente y la importancia de una correcta gesti\u00f3n de los desechos. Un total de 20 alumnos participaron activamente en esta capacitaci\u00f3n.<\/p>\n<p>\u201cEl compromiso de estos j\u00f3venes como Promotores Ambientales Escolares, reconocidos por nuestra municipalidad, es clave para fomentar una cultura ambiental desde las aulas. Por ello, reciben constante formaci\u00f3n en temas ambientales\u201d, destac\u00f3 el Ing. Melo durante su intervenci\u00f3n.<\/p>\n<p>Por su parte, la profesora Esperanza Caballero, responsable del \u00e1rea de Ciencia y Tecnolog\u00eda de la I.E. T\u00fapac Amaru, expres\u00f3 su agradecimiento a la gesti\u00f3n del alcalde C\u00e9sar Damas por promover el cuidado del medio ambiente entre los estudiantes y apoyar iniciativas educativas de este tipo.<\/p>\n<p>La Municipalidad de Chilca reafirma as\u00ed su compromiso con la educaci\u00f3n ambiental y la formaci\u00f3n de l\u00edderes escolares que promuevan pr\u00e1cticas sostenibles en su comunidad<\/p>\n","protected":false},"excerpt":{"rendered":"<p>Promotores brindaron sesiones educativas en la I.E. Tupac Amaru En el marco de las acciones del Programa Municipal de Educaci\u00f3n, Cultura y Ciudadan\u00eda Ambiental (EDUCCA), la Gerencia de Servicios P\u00fablicos de la Municipalidad Distrital de Chilca llev\u00f3 a cabo una importante jornada de capacitaci\u00f3n dirigida a los Brigadistas Escolares Ambientales de la Instituci\u00f3n Educativa T\u00fapac [&hellip;]<\/p>\n","protected":false},"author":4,"featured_media":0,"comment_status":"open","ping_status":"open","sticky":false,"template":"","format":"standard","meta":{"footnotes":""},"categories":[25],"tags":[],"class_list":["post-17044","post","type-post","status-publish","format-standard","hentry","category-noticias"],"blocksy_meta":[],"rttpg_featured_image_url":null,"rttpg_author":{"display_name":"JGUTARRA","author_link":"https:\/\/munichilca.gob.pe\/site\/author\/jgutarra\/"},"rttpg_comment":0,"rttpg_category":"<a href=\"https:\/\/munichilca.gob.pe\/site\/category\/noticias\/\" rel=\"category tag\">Noticias<\/a>","rttpg_excerpt":"Promotores brindaron sesiones educativas en la I.E. Tupac Amaru En el marco de las acciones del Programa Municipal de Educaci\u00f3n, Cultura y Ciudadan\u00eda Ambiental (EDUCCA), la Gerencia de Servicios P\u00fablicos de la Municipalidad Distrital de Chilca llev\u00f3 a cabo una importante jornada de capacitaci\u00f3n dirigida a los Brigadistas Escolares Ambientales de la Instituci\u00f3n Educativa T\u00fapac&hellip;","_links":{"self":[{"href":"https:\/\/munichilca.gob.pe\/site\/wp-json\/wp\/v2\/posts\/17044","targetHints":{"allow":["GET"]}}],"collection":[{"href":"https:\/\/munichilca.gob.pe\/site\/wp-json\/wp\/v2\/posts"}],"about":[{"href":"https:\/\/munichilca.gob.pe\/site\/wp-json\/wp\/v2\/types\/post"}],"author":[{"embeddable":true,"href":"https:\/\/munichilca.gob.pe\/site\/wp-json\/wp\/v2\/users\/4"}],"replies":[{"embeddable":true,"href":"https:\/\/munichilca.gob.pe\/site\/wp-json\/wp\/v2\/comments?post=17044"}],"version-history":[{"count":0,"href":"https:\/\/munichilca.gob.pe\/site\/wp-json\/wp\/v2\/posts\/17044\/revisions"}],"wp:attachment":[{"href":"https:\/\/munichilca.gob.pe\/site\/wp-json\/wp\/v2\/media?parent=17044"}],"wp:term":[{"taxonomy":"category","embeddable":true,"href":"https:\/\/munichilca.gob.pe\/site\/wp-json\/wp\/v2\/categories?post=17044"},{"taxonomy":"post_tag","embeddable":true,"href":"https:\/\/munichilca.gob.pe\/site\/wp-json\/wp\/v2\/tags?post=17044"}],"curies":[{"name":"wp","href":"https:\/\/api.w.org\/{rel}","templated":true}]}}