{"id":16977,"date":"2025-06-02T16:24:12","date_gmt":"2025-06-02T16:24:12","guid":{"rendered":"https:\/\/munichilca.gob.pe\/site\/?p=10097"},"modified":"2025-06-02T16:24:12","modified_gmt":"2025-06-02T16:24:12","slug":"chilca-promueve-la-educacion-ambiental-con-un-eco-cine","status":"publish","type":"post","link":"https:\/\/munichilca.gob.pe\/site\/2025\/06\/02\/chilca-promueve-la-educacion-ambiental-con-un-eco-cine\/","title":{"rendered":"CHILCA PROMUEVE LA EDUCACI\u00d3N AMBIENTAL CON UN \u201cECO-CINE\u201d"},"content":{"rendered":"<p><img fetchpriority=\"high\" decoding=\"async\" class=\"alignnone wp-image-10099\" src=\"https:\/\/munichilca.gob.pe\/site\/wp-content\/uploads\/2025\/06\/WhatsApp-Image-2025-06-02-at-2.39.33-PM-2-640x480.jpeg\" alt=\"\" width=\"451\" height=\"338\" \/><\/p>\n<p>Ni\u00f1os disfrutaron de una pel\u00edcula infantil<\/p>\n<p style=\"text-align: left;\">Como parte de\u00a0las acciones de concientizaci\u00f3n ambiental y conmemoraci\u00f3n del D\u00eda Nacional del Reciclador, la Municipalidad Distrital de Chilca, a trav\u00e9s del Programa Municipal de Educaci\u00f3n, Cultura y Ciudadan\u00eda Ambiental) e<\/p>\n<p style=\"text-align: left;\">(EDUCCA) de la Gerencia de Servicios P\u00fablicos, llev\u00f3 a cabo con \u00e9xito la actividad denominada \u00abEco-Cine\u00bb en el auditorio de la Unidad de Serenazgo.<\/p>\n<p style=\"text-align: left;\">Durante esta jornada, m\u00e1s de 30 ni\u00f1os de nivel primario de la I.E. N\u00b0 30153 Mar\u00eda Natividad Salazar Aguilar participaron activamente en la proyecci\u00f3n de una pel\u00edcula infantil con tem\u00e1tica de reciclaje. Como parte de la din\u00e1mica educativa y participativa, los menores ingresaron a la funci\u00f3n entregando una botella de pl\u00e1stico reciclable, contribuyendo as\u00ed al objetivo de promover h\u00e1bitos responsables con el medio ambiente. A cambio, recibieron cancha y gaseosa para disfrutar durante la pel\u00edcula.<\/p>\n<p style=\"text-align: left;\">El responsable del programa (EDUCCA), Jos\u00e9 Mar\u00eda Melo, destac\u00f3 que esta iniciativa busca fomentar la conciencia ambiental desde edades tempranas. \u201cEste tipo de actividades permite que los ni\u00f1os aprendan jugando, y sobre todo, comprendan la importancia del reciclaje y el rol de los recicladores en la sociedad\u201d, expres\u00f3.<\/p>\n<p style=\"text-align: left;\">La Municipalidad Distrital de Chilca reafirma su compromiso con la educaci\u00f3n ambiental y continuar\u00e1 impulsando espacios que promuevan una cultura ecol\u00f3gica en beneficio del presente y futuro de nuestra comunidad.<\/p>\n<p style=\"text-align: left;\"><img decoding=\"async\" class=\"alignnone wp-image-10098\" src=\"https:\/\/munichilca.gob.pe\/site\/wp-content\/uploads\/2025\/06\/WhatsApp-Image-2025-06-02-at-2.39.33-PM-3-640x480.jpeg\" alt=\"\" width=\"423\" height=\"317\" \/><\/p>\n","protected":false},"excerpt":{"rendered":"<p>Ni\u00f1os disfrutaron de una pel\u00edcula infantil Como parte de\u00a0las acciones de concientizaci\u00f3n ambiental y conmemoraci\u00f3n del D\u00eda Nacional del Reciclador, la Municipalidad Distrital de Chilca, a trav\u00e9s del Programa Municipal de Educaci\u00f3n, Cultura y Ciudadan\u00eda Ambiental) e (EDUCCA) de la Gerencia de Servicios P\u00fablicos, llev\u00f3 a cabo con \u00e9xito la actividad denominada \u00abEco-Cine\u00bb en el [&hellip;]<\/p>\n","protected":false},"author":4,"featured_media":0,"comment_status":"open","ping_status":"open","sticky":false,"template":"","format":"standard","meta":{"footnotes":""},"categories":[25],"tags":[],"class_list":["post-16977","post","type-post","status-publish","format-standard","hentry","category-noticias"],"blocksy_meta":[],"rttpg_featured_image_url":null,"rttpg_author":{"display_name":"JGUTARRA","author_link":"https:\/\/munichilca.gob.pe\/site\/author\/jgutarra\/"},"rttpg_comment":0,"rttpg_category":"<a href=\"https:\/\/munichilca.gob.pe\/site\/category\/noticias\/\" rel=\"category tag\">Noticias<\/a>","rttpg_excerpt":"Ni\u00f1os disfrutaron de una pel\u00edcula infantil Como parte de\u00a0las acciones de concientizaci\u00f3n ambiental y conmemoraci\u00f3n del D\u00eda Nacional del Reciclador, la Municipalidad Distrital de Chilca, a trav\u00e9s del Programa Municipal de Educaci\u00f3n, Cultura y Ciudadan\u00eda Ambiental) e (EDUCCA) de la Gerencia de Servicios P\u00fablicos, llev\u00f3 a cabo con \u00e9xito la actividad denominada \u00abEco-Cine\u00bb en el&hellip;","_links":{"self":[{"href":"https:\/\/munichilca.gob.pe\/site\/wp-json\/wp\/v2\/posts\/16977","targetHints":{"allow":["GET"]}}],"collection":[{"href":"https:\/\/munichilca.gob.pe\/site\/wp-json\/wp\/v2\/posts"}],"about":[{"href":"https:\/\/munichilca.gob.pe\/site\/wp-json\/wp\/v2\/types\/post"}],"author":[{"embeddable":true,"href":"https:\/\/munichilca.gob.pe\/site\/wp-json\/wp\/v2\/users\/4"}],"replies":[{"embeddable":true,"href":"https:\/\/munichilca.gob.pe\/site\/wp-json\/wp\/v2\/comments?post=16977"}],"version-history":[{"count":0,"href":"https:\/\/munichilca.gob.pe\/site\/wp-json\/wp\/v2\/posts\/16977\/revisions"}],"wp:attachment":[{"href":"https:\/\/munichilca.gob.pe\/site\/wp-json\/wp\/v2\/media?parent=16977"}],"wp:term":[{"taxonomy":"category","embeddable":true,"href":"https:\/\/munichilca.gob.pe\/site\/wp-json\/wp\/v2\/categories?post=16977"},{"taxonomy":"post_tag","embeddable":true,"href":"https:\/\/munichilca.gob.pe\/site\/wp-json\/wp\/v2\/tags?post=16977"}],"curies":[{"name":"wp","href":"https:\/\/api.w.org\/{rel}","templated":true}]}}