{"id":16960,"date":"2025-06-05T09:19:56","date_gmt":"2025-06-05T09:19:56","guid":{"rendered":"https:\/\/munichilca.gob.pe\/site\/?p=10124"},"modified":"2025-06-05T09:19:56","modified_gmt":"2025-06-05T09:19:56","slug":"mdch-refuerza-la-seguridad-vial-en-zonas-escolares","status":"publish","type":"post","link":"https:\/\/munichilca.gob.pe\/site\/2025\/06\/05\/mdch-refuerza-la-seguridad-vial-en-zonas-escolares\/","title":{"rendered":"MDCH REFUERZA LA SEGURIDAD VIAL EN ZONAS ESCOLARES"},"content":{"rendered":"<p><img fetchpriority=\"high\" decoding=\"async\" class=\"alignnone size-medium wp-image-10125\" src=\"https:\/\/munichilca.gob.pe\/site\/wp-content\/uploads\/2025\/06\/WhatsApp-Image-2025-06-04-at-14.36.06-640x426.jpeg\" alt=\"\" width=\"640\" height=\"426\" \/><\/p>\n<p>Para la seguridad y el bienestar de la comunidad<\/p>\n<p>En un esfuerzo por proteger a los estudiantes y reducir los accidentes de tr\u00e1nsito en zonas escolares, la Municipalidad Distrital de Chilca, a trav\u00e9s de la Gerencia de Servicios P\u00fablicos y el \u00c1rea de Transporte, viene ejecutando un ambicioso proyecto de se\u00f1alizaci\u00f3n y pintado en los alrededores de diversas instituciones educativas del distrito.<\/p>\n<p>Esta importante iniciativa incluye el pintado de l\u00edneas peatonales y reductores de velocidad, la instalaci\u00f3n de se\u00f1alizaci\u00f3n vertical y horizontal, as\u00ed como la construcci\u00f3n de nuevos rompemuelles. Todas estas acciones buscan generar un entorno vial m\u00e1s seguro para los ni\u00f1os, ni\u00f1as y adolescentes que diariamente se trasladan a sus centros de estudios.<\/p>\n<p>El proyecto se desarroll\u00f3 en tres etapas, que son la selecci\u00f3n de instituciones educativas, a cargo del Ministerio de Educaci\u00f3n (MINEDU); dise\u00f1o t\u00e9cnico, donde se elaboraron los planos para la implementaci\u00f3n de los dispositivos de control, verificaci\u00f3n y aprobaci\u00f3n, en coordinaci\u00f3n con el Ministerio de Transportes y Comunicaciones (MTC).<\/p>\n<p>Las instituciones beneficiadas en esta primera fase incluyen la I.E. 30012 \u201cV\u00edctor Alberto Gil Mallma\u201d, Los Angelitos, Davis Moody, T\u00fapac Amaru, Mar\u00eda Natividad Salazar, Escuelita de Cart\u00f3n y Ori\u00f3n.<\/p>\n<p>M\u00e9lida Melgar, responsable del \u00c1rea de Transporte, inform\u00f3 que este trabajo continuar\u00e1 en otras zonas del distrito, asegurando tambi\u00e9n el mantenimiento permanente de la infraestructura ya instalada.<\/p>\n<p>Con estas acciones, la Municipalidad de Chilca reafirma su compromiso con la seguridad y el bienestar de la comunidad escolar, fomentando una cultura vial responsable y priorizando la protecci\u00f3n de los m\u00e1s vulnerables en el entorno educativo.<\/p>\n","protected":false},"excerpt":{"rendered":"<p>Para la seguridad y el bienestar de la comunidad En un esfuerzo por proteger a los estudiantes y reducir los accidentes de tr\u00e1nsito en zonas escolares, la Municipalidad Distrital de Chilca, a trav\u00e9s de la Gerencia de Servicios P\u00fablicos y el \u00c1rea de Transporte, viene ejecutando un ambicioso proyecto de se\u00f1alizaci\u00f3n y pintado en los [&hellip;]<\/p>\n","protected":false},"author":4,"featured_media":0,"comment_status":"open","ping_status":"open","sticky":false,"template":"","format":"standard","meta":{"footnotes":""},"categories":[25],"tags":[],"class_list":["post-16960","post","type-post","status-publish","format-standard","hentry","category-noticias"],"blocksy_meta":[],"rttpg_featured_image_url":null,"rttpg_author":{"display_name":"JGUTARRA","author_link":"https:\/\/munichilca.gob.pe\/site\/author\/jgutarra\/"},"rttpg_comment":0,"rttpg_category":"<a href=\"https:\/\/munichilca.gob.pe\/site\/category\/noticias\/\" rel=\"category tag\">Noticias<\/a>","rttpg_excerpt":"Para la seguridad y el bienestar de la comunidad En un esfuerzo por proteger a los estudiantes y reducir los accidentes de tr\u00e1nsito en zonas escolares, la Municipalidad Distrital de Chilca, a trav\u00e9s de la Gerencia de Servicios P\u00fablicos y el \u00c1rea de Transporte, viene ejecutando un ambicioso proyecto de se\u00f1alizaci\u00f3n y pintado en los&hellip;","_links":{"self":[{"href":"https:\/\/munichilca.gob.pe\/site\/wp-json\/wp\/v2\/posts\/16960","targetHints":{"allow":["GET"]}}],"collection":[{"href":"https:\/\/munichilca.gob.pe\/site\/wp-json\/wp\/v2\/posts"}],"about":[{"href":"https:\/\/munichilca.gob.pe\/site\/wp-json\/wp\/v2\/types\/post"}],"author":[{"embeddable":true,"href":"https:\/\/munichilca.gob.pe\/site\/wp-json\/wp\/v2\/users\/4"}],"replies":[{"embeddable":true,"href":"https:\/\/munichilca.gob.pe\/site\/wp-json\/wp\/v2\/comments?post=16960"}],"version-history":[{"count":0,"href":"https:\/\/munichilca.gob.pe\/site\/wp-json\/wp\/v2\/posts\/16960\/revisions"}],"wp:attachment":[{"href":"https:\/\/munichilca.gob.pe\/site\/wp-json\/wp\/v2\/media?parent=16960"}],"wp:term":[{"taxonomy":"category","embeddable":true,"href":"https:\/\/munichilca.gob.pe\/site\/wp-json\/wp\/v2\/categories?post=16960"},{"taxonomy":"post_tag","embeddable":true,"href":"https:\/\/munichilca.gob.pe\/site\/wp-json\/wp\/v2\/tags?post=16960"}],"curies":[{"name":"wp","href":"https:\/\/api.w.org\/{rel}","templated":true}]}}