{"id":16958,"date":"2025-06-05T17:16:20","date_gmt":"2025-06-05T17:16:20","guid":{"rendered":"https:\/\/munichilca.gob.pe\/site\/?p=10127"},"modified":"2025-06-05T17:16:20","modified_gmt":"2025-06-05T17:16:20","slug":"promotores-ambientales-juramentan-en-chilca","status":"publish","type":"post","link":"https:\/\/munichilca.gob.pe\/site\/2025\/06\/05\/promotores-ambientales-juramentan-en-chilca\/","title":{"rendered":"PROMOTORES AMBIENTALES JURAMENTAN EN CHILCA"},"content":{"rendered":"<p><img fetchpriority=\"high\" decoding=\"async\" class=\"alignnone  wp-image-10128\" src=\"https:\/\/munichilca.gob.pe\/site\/wp-content\/uploads\/2025\/06\/WhatsApp-Image-2025-06-05-at-1.03.59-PM-640x426.jpeg\" alt=\"\" width=\"346\" height=\"230\" \/><\/p>\n<p><strong>En conmemoraci\u00f3n al d\u00eda del medio ambiente<\/strong><\/p>\n<p>En el marco de la celebraci\u00f3n del D\u00eda Mundial del Medio Ambiente, la Municipalidad Distrital de Chilca llev\u00f3 a cabo una significativa ceremonia de juramentaci\u00f3n de promotores ambientales escolares, estudiantiles y comunales, reafirmando su compromiso con el cuidado y la protecci\u00f3n del entorno natural.<\/p>\n<p>La actividad se desarroll\u00f3 en el Parque Abel Mart\u00ednez, escenario que congreg\u00f3 a estudiantes, autoridades y vecinos comprometidos con la causa ambiental. En representaci\u00f3n del alcalde distrital, el gerente municipal, Arq. Ronald Cris\u00f3stomo, fue el encargado de tomar juramento a los nuevos promotores ambientales, destacando el rol fundamental que cumplen los j\u00f3venes y l\u00edderes comunitarios en la promoci\u00f3n de pr\u00e1cticas sostenibles y la preservaci\u00f3n del ecosistema local.<\/p>\n<p>Los nuevos promotores ambientales escolares provienen de reconocidas instituciones educativas del distrito, entre ellas: I.E. Francisco Bolognesi, I.E. Jos\u00e9 Mar\u00eda Arguedas, I.E. Mar\u00eda Natividad Salazar Aguilar y I.E. T\u00fapac Amaru. Cada delegaci\u00f3n estudiosa jurament\u00f3 con entusiasmo y convicci\u00f3n, manifestando su compromiso de liderar acciones ecol\u00f3gicas en sus respectivos entornos escolares y en la comunidad en general.<\/p>\n<p>El evento tambi\u00e9n cont\u00f3 con la importante presencia del Ing. Vladimir Ya\u00f1ez Rodr\u00edguez, gerente regional de Recursos Naturales y Medio Ambiente del Gobierno Regional de Jun\u00edn, quien brind\u00f3 unas palabras motivadoras dirigidas especialmente a los estudiantes, reconociendo la labor de las autoridades locales en fomentar una cultura ambiental responsable y participativa.<\/p>\n<p>Durante la ceremonia se hizo hincapi\u00e9 en la importancia de promover una educaci\u00f3n ambiental desde temprana edad, fortaleciendo la conciencia ecol\u00f3gica en las nuevas generaciones. Asimismo, se resalt\u00f3 que los promotores ambientales escolares y comunales actuar\u00e1n como agentes multiplicadores, desarrollando campa\u00f1as de limpieza, reciclaje, arborizaci\u00f3n y sensibilizaci\u00f3n en sus instituciones y barrios.<\/p>\n<p>\u201cLa protecci\u00f3n del medio ambiente no es una tarea exclusiva de las autoridades, sino una responsabilidad compartida entre todos los ciudadanos. Hoy celebramos la esperanza de un futuro m\u00e1s limpio y saludable, de la mano de nuestros j\u00f3venes\u201d, enfatiz\u00f3 el Arq. Ronald Cris\u00f3stomo durante su discurso.<\/p>\n<p>La jornada culmin\u00f3 con actividades culturales y presentaciones art\u00edsticas alusivas al cuidado del planeta, en un ambiente festivo y de reflexi\u00f3n sobre la necesidad urgente de actuar frente a los desaf\u00edos del cambio clim\u00e1tico y la degradaci\u00f3n ambiental.<\/p>\n<ul>\n<li>Con este tipo de iniciativas, la Municipalidad Distrital de Chilca reafirma su pol\u00edtica de sostenibilidad, educaci\u00f3n y participaci\u00f3n ciudadana, destac\u00e1ndose como un ejemplo de gesti\u00f3n ambiental local comprometida con el desarrollo integral de su poblaci\u00f3n.<\/li>\n<\/ul>\n<p><!--more--><\/p>\n","protected":false},"excerpt":{"rendered":"<p>En conmemoraci\u00f3n al d\u00eda del medio ambiente En el marco de la celebraci\u00f3n del D\u00eda Mundial del Medio Ambiente, la Municipalidad Distrital de Chilca llev\u00f3 a cabo una significativa ceremonia de juramentaci\u00f3n de promotores ambientales escolares, estudiantiles y comunales, reafirmando su compromiso con el cuidado y la protecci\u00f3n del entorno natural. La actividad se desarroll\u00f3 [&hellip;]<\/p>\n","protected":false},"author":4,"featured_media":0,"comment_status":"open","ping_status":"open","sticky":false,"template":"","format":"standard","meta":{"footnotes":""},"categories":[25],"tags":[],"class_list":["post-16958","post","type-post","status-publish","format-standard","hentry","category-noticias"],"blocksy_meta":[],"rttpg_featured_image_url":null,"rttpg_author":{"display_name":"JGUTARRA","author_link":"https:\/\/munichilca.gob.pe\/site\/author\/jgutarra\/"},"rttpg_comment":0,"rttpg_category":"<a href=\"https:\/\/munichilca.gob.pe\/site\/category\/noticias\/\" rel=\"category tag\">Noticias<\/a>","rttpg_excerpt":"En conmemoraci\u00f3n al d\u00eda del medio ambiente En el marco de la celebraci\u00f3n del D\u00eda Mundial del Medio Ambiente, la Municipalidad Distrital de Chilca llev\u00f3 a cabo una significativa ceremonia de juramentaci\u00f3n de promotores ambientales escolares, estudiantiles y comunales, reafirmando su compromiso con el cuidado y la protecci\u00f3n del entorno natural. La actividad se desarroll\u00f3&hellip;","_links":{"self":[{"href":"https:\/\/munichilca.gob.pe\/site\/wp-json\/wp\/v2\/posts\/16958","targetHints":{"allow":["GET"]}}],"collection":[{"href":"https:\/\/munichilca.gob.pe\/site\/wp-json\/wp\/v2\/posts"}],"about":[{"href":"https:\/\/munichilca.gob.pe\/site\/wp-json\/wp\/v2\/types\/post"}],"author":[{"embeddable":true,"href":"https:\/\/munichilca.gob.pe\/site\/wp-json\/wp\/v2\/users\/4"}],"replies":[{"embeddable":true,"href":"https:\/\/munichilca.gob.pe\/site\/wp-json\/wp\/v2\/comments?post=16958"}],"version-history":[{"count":0,"href":"https:\/\/munichilca.gob.pe\/site\/wp-json\/wp\/v2\/posts\/16958\/revisions"}],"wp:attachment":[{"href":"https:\/\/munichilca.gob.pe\/site\/wp-json\/wp\/v2\/media?parent=16958"}],"wp:term":[{"taxonomy":"category","embeddable":true,"href":"https:\/\/munichilca.gob.pe\/site\/wp-json\/wp\/v2\/categories?post=16958"},{"taxonomy":"post_tag","embeddable":true,"href":"https:\/\/munichilca.gob.pe\/site\/wp-json\/wp\/v2\/tags?post=16958"}],"curies":[{"name":"wp","href":"https:\/\/api.w.org\/{rel}","templated":true}]}}