{"id":16845,"date":"2025-08-04T09:00:07","date_gmt":"2025-08-04T09:00:07","guid":{"rendered":"https:\/\/munichilca.gob.pe\/site\/?p=10389"},"modified":"2025-08-04T09:00:07","modified_gmt":"2025-08-04T09:00:07","slug":"mdch-se-suma-al-segundo-simulacro-nacional-de-sismo","status":"publish","type":"post","link":"https:\/\/munichilca.gob.pe\/site\/2025\/08\/04\/mdch-se-suma-al-segundo-simulacro-nacional-de-sismo\/","title":{"rendered":"MDCH SE SUMA AL SEGUNDO SIMULACRO NACIONAL DE SISMO"},"content":{"rendered":"<p>Invitando a vecinos a participar con responsabilidad<\/p>\n<p>La Municipalidad Distrital de Chilca, a trav\u00e9s de su Oficina de Defensa Civil, participar\u00e1 activamente en el Segundo Simulacro Nacional Multipeligro programado para este viernes 15 de agosto a las 3:00 p.m., conforme a lo dispuesto en la Resoluci\u00f3n Ministerial N\u00b0 001-2025-PCM\/SGRD. Este ejercicio tiene como objetivo fortalecer las capacidades de preparaci\u00f3n y respuesta tanto de las instituciones que integran el Sistema Nacional de Gesti\u00f3n del Riesgo de Desastres (SINAGERD) como de la poblaci\u00f3n en general, frente a diversos escenarios de riesgo, ya sean de origen natural o inducidos por la acci\u00f3n humana.<\/p>\n<p>El simulacro en Chilca se desarrollar\u00e1 de manera central en el cruce del Jr. \u00c1ncash con el r\u00edo Chilca, punto considerado de alta vulnerabilidad debido a las recurrentes inundaciones registradas en los \u00faltimos a\u00f1os. As\u00ed lo inform\u00f3 C\u00e9sar Ramos, responsable del \u00e1rea de Defensa Civil de la comuna, quien exhort\u00f3 a los vecinos de la zona a participar de forma responsable y activa en esta jornada preventiva.<\/p>\n<p>Ramos tambi\u00e9n recomend\u00f3 a las familias tener lista su mochila de emergencia, elemento clave ante una eventual evacuaci\u00f3n o situaci\u00f3n de emergencia, y anunci\u00f3 que en los d\u00edas previos al simulacro se llevar\u00e1 a cabo un pasacalle de sensibilizaci\u00f3n, con el fin de informar y concientizar a la ciudadan\u00eda sobre la importancia de estar preparados.<\/p>\n<p>La Municipalidad Distrital de Chilca reafirma su compromiso con la gesti\u00f3n del riesgo de desastres e invita a toda la comunidad a involucrarse en estas acciones preventivas que salvan vidas y fortalecen la cultura de prevenci\u00f3n.<\/p>\n<p><img fetchpriority=\"high\" decoding=\"async\" class=\"alignnone size-medium wp-image-10390\" src=\"https:\/\/munichilca.gob.pe\/site\/wp-content\/uploads\/2025\/08\/WhatsApp-Image-2025-07-31-at-15.10.53-640x426.jpeg\" alt=\"\" width=\"640\" height=\"426\" \/><\/p>\n","protected":false},"excerpt":{"rendered":"<p>Invitando a vecinos a participar con responsabilidad La Municipalidad Distrital de Chilca, a trav\u00e9s de su Oficina de Defensa Civil, participar\u00e1 activamente en el Segundo Simulacro Nacional Multipeligro programado para este viernes 15 de agosto a las 3:00 p.m., conforme a lo dispuesto en la Resoluci\u00f3n Ministerial N\u00b0 001-2025-PCM\/SGRD. Este ejercicio tiene como objetivo fortalecer [&hellip;]<\/p>\n","protected":false},"author":4,"featured_media":0,"comment_status":"open","ping_status":"open","sticky":false,"template":"","format":"standard","meta":{"footnotes":""},"categories":[25],"tags":[],"class_list":["post-16845","post","type-post","status-publish","format-standard","hentry","category-noticias"],"blocksy_meta":[],"rttpg_featured_image_url":null,"rttpg_author":{"display_name":"JGUTARRA","author_link":"https:\/\/munichilca.gob.pe\/site\/author\/jgutarra\/"},"rttpg_comment":0,"rttpg_category":"<a href=\"https:\/\/munichilca.gob.pe\/site\/category\/noticias\/\" rel=\"category tag\">Noticias<\/a>","rttpg_excerpt":"Invitando a vecinos a participar con responsabilidad La Municipalidad Distrital de Chilca, a trav\u00e9s de su Oficina de Defensa Civil, participar\u00e1 activamente en el Segundo Simulacro Nacional Multipeligro programado para este viernes 15 de agosto a las 3:00 p.m., conforme a lo dispuesto en la Resoluci\u00f3n Ministerial N\u00b0 001-2025-PCM\/SGRD. Este ejercicio tiene como objetivo fortalecer&hellip;","_links":{"self":[{"href":"https:\/\/munichilca.gob.pe\/site\/wp-json\/wp\/v2\/posts\/16845","targetHints":{"allow":["GET"]}}],"collection":[{"href":"https:\/\/munichilca.gob.pe\/site\/wp-json\/wp\/v2\/posts"}],"about":[{"href":"https:\/\/munichilca.gob.pe\/site\/wp-json\/wp\/v2\/types\/post"}],"author":[{"embeddable":true,"href":"https:\/\/munichilca.gob.pe\/site\/wp-json\/wp\/v2\/users\/4"}],"replies":[{"embeddable":true,"href":"https:\/\/munichilca.gob.pe\/site\/wp-json\/wp\/v2\/comments?post=16845"}],"version-history":[{"count":0,"href":"https:\/\/munichilca.gob.pe\/site\/wp-json\/wp\/v2\/posts\/16845\/revisions"}],"wp:attachment":[{"href":"https:\/\/munichilca.gob.pe\/site\/wp-json\/wp\/v2\/media?parent=16845"}],"wp:term":[{"taxonomy":"category","embeddable":true,"href":"https:\/\/munichilca.gob.pe\/site\/wp-json\/wp\/v2\/categories?post=16845"},{"taxonomy":"post_tag","embeddable":true,"href":"https:\/\/munichilca.gob.pe\/site\/wp-json\/wp\/v2\/tags?post=16845"}],"curies":[{"name":"wp","href":"https:\/\/api.w.org\/{rel}","templated":true}]}}