{"id":16843,"date":"2025-08-05T08:45:54","date_gmt":"2025-08-05T08:45:54","guid":{"rendered":"https:\/\/munichilca.gob.pe\/site\/?p=10395"},"modified":"2025-08-05T08:45:54","modified_gmt":"2025-08-05T08:45:54","slug":"mdch-anuncia-inicio-de-campanas-de-vacunacion-antirrabica-van-can","status":"publish","type":"post","link":"https:\/\/munichilca.gob.pe\/site\/2025\/08\/05\/mdch-anuncia-inicio-de-campanas-de-vacunacion-antirrabica-van-can\/","title":{"rendered":"MDCH ANUNCIA INICIO DE CAMPA\u00d1AS DE VACUNACI\u00d3N ANTIRR\u00c1BICA VAN CAN"},"content":{"rendered":"<p>Bajo el lema \u00abProtege a tu mascota, protege a tu familia\u00bb<\/p>\n<p>La Municipalidad Distrital de Chilca, a trav\u00e9s del \u00e1rea de Tenencia Responsable de Canes, realizar\u00e1 el lanzamiento oficial de la campa\u00f1a gratuita de vacunaci\u00f3n antirr\u00e1bica para canes denominada \u00abVan Can\u00bb, este jueves 14 de agosto a las 10:00 a.m. en las instalaciones del Parque Zonal de Coto Coto.<\/p>\n<p>Esta importante actividad se lleva a cabo en el marco de la campa\u00f1a nacional de prevenci\u00f3n contra la rabia canina, bajo el lema \u00abProtege a tu mascota, protege a tu familia\u00bb, y contar\u00e1 con la participaci\u00f3n del Gobierno Regional de Jun\u00edn, a trav\u00e9s de la Direcci\u00f3n Regional de Salud (DIRESA), la Red de Salud Valle del Mantaro mediante su programa \u00abSalud para Todos\u00bb, y el apoyo de la cl\u00ednica veterinaria Doctor Vet.<\/p>\n<p>Durante la jornada, los canes vacunados recibir\u00e1n collarines y documentos de identificaci\u00f3n que los acreditar\u00e1n como mascotas saludables, como parte del compromiso por fomentar la tenencia responsable de animales en el distrito.<\/p>\n<p>La responsable del \u00e1rea de Tenencia Responsable de Canes, Beatriz Calder\u00f3n, hizo un llamado a los vecinos a participar activamente trayendo a sus mascotas con collares y, de ser necesario, bozales, para garantizar la seguridad del personal m\u00e9dico y de los asistentes.<\/p>\n<p>\u201cLa prevenci\u00f3n es la mejor herramienta para proteger tanto a nuestras mascotas como a nuestras familias. Esta campa\u00f1a es una oportunidad para fortalecer la salud p\u00fablica y el bienestar animal en nuestra comunidad\u201d, se\u00f1al\u00f3 Calder\u00f3n.<\/p>\n<p>La Municipalidad de Chilca reafirma su compromiso con la salud p\u00fablica y el cuidado responsable de los animales, invitando a todos los due\u00f1os de canes a ser parte activa de esta jornada de vacunaci\u00f3n gratuita.<\/p>\n<p><img fetchpriority=\"high\" decoding=\"async\" class=\"alignnone size-medium wp-image-10396\" src=\"https:\/\/munichilca.gob.pe\/site\/wp-content\/uploads\/2025\/08\/WhatsApp-Image-2025-08-04-at-12.45.51-640x426.jpeg\" alt=\"\" width=\"640\" height=\"426\" \/><\/p>\n","protected":false},"excerpt":{"rendered":"<p>Bajo el lema \u00abProtege a tu mascota, protege a tu familia\u00bb La Municipalidad Distrital de Chilca, a trav\u00e9s del \u00e1rea de Tenencia Responsable de Canes, realizar\u00e1 el lanzamiento oficial de la campa\u00f1a gratuita de vacunaci\u00f3n antirr\u00e1bica para canes denominada \u00abVan Can\u00bb, este jueves 14 de agosto a las 10:00 a.m. en las instalaciones del Parque [&hellip;]<\/p>\n","protected":false},"author":4,"featured_media":0,"comment_status":"open","ping_status":"open","sticky":false,"template":"","format":"standard","meta":{"footnotes":""},"categories":[25],"tags":[],"class_list":["post-16843","post","type-post","status-publish","format-standard","hentry","category-noticias"],"blocksy_meta":[],"rttpg_featured_image_url":null,"rttpg_author":{"display_name":"JGUTARRA","author_link":"https:\/\/munichilca.gob.pe\/site\/author\/jgutarra\/"},"rttpg_comment":0,"rttpg_category":"<a href=\"https:\/\/munichilca.gob.pe\/site\/category\/noticias\/\" rel=\"category tag\">Noticias<\/a>","rttpg_excerpt":"Bajo el lema \u00abProtege a tu mascota, protege a tu familia\u00bb La Municipalidad Distrital de Chilca, a trav\u00e9s del \u00e1rea de Tenencia Responsable de Canes, realizar\u00e1 el lanzamiento oficial de la campa\u00f1a gratuita de vacunaci\u00f3n antirr\u00e1bica para canes denominada \u00abVan Can\u00bb, este jueves 14 de agosto a las 10:00 a.m. en las instalaciones del Parque&hellip;","_links":{"self":[{"href":"https:\/\/munichilca.gob.pe\/site\/wp-json\/wp\/v2\/posts\/16843","targetHints":{"allow":["GET"]}}],"collection":[{"href":"https:\/\/munichilca.gob.pe\/site\/wp-json\/wp\/v2\/posts"}],"about":[{"href":"https:\/\/munichilca.gob.pe\/site\/wp-json\/wp\/v2\/types\/post"}],"author":[{"embeddable":true,"href":"https:\/\/munichilca.gob.pe\/site\/wp-json\/wp\/v2\/users\/4"}],"replies":[{"embeddable":true,"href":"https:\/\/munichilca.gob.pe\/site\/wp-json\/wp\/v2\/comments?post=16843"}],"version-history":[{"count":0,"href":"https:\/\/munichilca.gob.pe\/site\/wp-json\/wp\/v2\/posts\/16843\/revisions"}],"wp:attachment":[{"href":"https:\/\/munichilca.gob.pe\/site\/wp-json\/wp\/v2\/media?parent=16843"}],"wp:term":[{"taxonomy":"category","embeddable":true,"href":"https:\/\/munichilca.gob.pe\/site\/wp-json\/wp\/v2\/categories?post=16843"},{"taxonomy":"post_tag","embeddable":true,"href":"https:\/\/munichilca.gob.pe\/site\/wp-json\/wp\/v2\/tags?post=16843"}],"curies":[{"name":"wp","href":"https:\/\/api.w.org\/{rel}","templated":true}]}}