{"id":16839,"date":"2025-08-15T11:44:50","date_gmt":"2025-08-15T11:44:50","guid":{"rendered":"https:\/\/munichilca.gob.pe\/site\/?p=10410"},"modified":"2025-08-15T11:44:50","modified_gmt":"2025-08-15T11:44:50","slug":"en-chilca-buscan-reducir-la-contaminacion-sonora","status":"publish","type":"post","link":"https:\/\/munichilca.gob.pe\/site\/2025\/08\/15\/en-chilca-buscan-reducir-la-contaminacion-sonora\/","title":{"rendered":"EN CHILCA BUSCAN REDUCIR LA CONTAMINACI\u00d3N SONORA"},"content":{"rendered":"<p>Zonas de alto tr\u00e1nsito ser\u00e1n priorizadas<\/p>\n<p>Con el firme compromiso de preservar el bienestar y la salud auditiva de sus ciudadanos, la Municipalidad Distrital de Chilca, a trav\u00e9s del \u00c1rea de Fiscalizaci\u00f3n Ambiental, pondr\u00e1 en marcha este viernes 8 de agosto una campa\u00f1a de sensibilizaci\u00f3n sobre la reducci\u00f3n de la contaminaci\u00f3n sonora en los puntos m\u00e1s transitados del distrito.<\/p>\n<p>La jornada contempla la repartici\u00f3n de material informativo impreso con mensajes de concientizaci\u00f3n, especialmente dirigidos a conductores de veh\u00edculos automotores y comerciantes que emplean bocinas o altavoces en exceso. Promotores ambientales capacitados recorrer\u00e1n calles clave del distrito, instando al respeto de los niveles de ruido establecidos por ley.<\/p>\n<p>Como parte de las acciones previas a esta iniciativa, el equipo t\u00e9cnico liderado por Johana V\u00e1squez, responsable del \u00e1rea de Fiscalizaci\u00f3n Ambiental, llev\u00f3 a cabo un monitoreo ac\u00fastico en la intersecci\u00f3n de la calle Real con la avenida Pr\u00f3ceres, registrando niveles de hasta 96 decibeles, cuando el l\u00edmite m\u00e1ximo permitido, seg\u00fan el Decreto Supremo N\u00b0 085-2003-PCM, es de 70 decibeles para zonas similares.<\/p>\n<p>\u201cEstas mediciones se ejecutan de forma trimestral como parte del compromiso con la fiscalizaci\u00f3n ambiental. Los informes son enviados al OEFA y servir\u00e1n como sustento para reforzar nuestras estrategias de concientizaci\u00f3n y, de ser necesario, aplicar sanciones conforme a la Ordenanza Municipal N\u00b0 321\u201d, afirm\u00f3 V\u00e1squez.<\/p>\n<p>El instrumento utilizado en estas mediciones, el son\u00f3metro, permite obtener datos precisos gracias a su calibraci\u00f3n t\u00e9cnica previa y correcta ubicaci\u00f3n respecto a las fuentes emisoras.<\/p>\n<p>La comuna distrital reafirma su compromiso con la salud p\u00fablica y el derecho de los vecinos a vivir en un entorno saludable. Por ello, continuar\u00e1 promoviendo acciones preventivas y educativas que ayuden a reducir la contaminaci\u00f3n sonora y fomentar una convivencia arm\u00f3nica entre ciudadanos, comerciantes y transportistas.<\/p>\n<p><img fetchpriority=\"high\" decoding=\"async\" class=\"size-medium wp-image-10411 aligncenter\" src=\"https:\/\/munichilca.gob.pe\/site\/wp-content\/uploads\/2025\/08\/WhatsApp-Image-2025-08-07-at-12.34.09-PM-640x426.jpeg\" alt=\"\" width=\"640\" height=\"426\" \/><\/p>\n","protected":false},"excerpt":{"rendered":"<p>Zonas de alto tr\u00e1nsito ser\u00e1n priorizadas Con el firme compromiso de preservar el bienestar y la salud auditiva de sus ciudadanos, la Municipalidad Distrital de Chilca, a trav\u00e9s del \u00c1rea de Fiscalizaci\u00f3n Ambiental, pondr\u00e1 en marcha este viernes 8 de agosto una campa\u00f1a de sensibilizaci\u00f3n sobre la reducci\u00f3n de la contaminaci\u00f3n sonora en los puntos [&hellip;]<\/p>\n","protected":false},"author":4,"featured_media":0,"comment_status":"open","ping_status":"open","sticky":false,"template":"","format":"standard","meta":{"footnotes":""},"categories":[25],"tags":[],"class_list":["post-16839","post","type-post","status-publish","format-standard","hentry","category-noticias"],"blocksy_meta":[],"rttpg_featured_image_url":null,"rttpg_author":{"display_name":"JGUTARRA","author_link":"https:\/\/munichilca.gob.pe\/site\/author\/jgutarra\/"},"rttpg_comment":0,"rttpg_category":"<a href=\"https:\/\/munichilca.gob.pe\/site\/category\/noticias\/\" rel=\"category tag\">Noticias<\/a>","rttpg_excerpt":"Zonas de alto tr\u00e1nsito ser\u00e1n priorizadas Con el firme compromiso de preservar el bienestar y la salud auditiva de sus ciudadanos, la Municipalidad Distrital de Chilca, a trav\u00e9s del \u00c1rea de Fiscalizaci\u00f3n Ambiental, pondr\u00e1 en marcha este viernes 8 de agosto una campa\u00f1a de sensibilizaci\u00f3n sobre la reducci\u00f3n de la contaminaci\u00f3n sonora en los puntos&hellip;","_links":{"self":[{"href":"https:\/\/munichilca.gob.pe\/site\/wp-json\/wp\/v2\/posts\/16839","targetHints":{"allow":["GET"]}}],"collection":[{"href":"https:\/\/munichilca.gob.pe\/site\/wp-json\/wp\/v2\/posts"}],"about":[{"href":"https:\/\/munichilca.gob.pe\/site\/wp-json\/wp\/v2\/types\/post"}],"author":[{"embeddable":true,"href":"https:\/\/munichilca.gob.pe\/site\/wp-json\/wp\/v2\/users\/4"}],"replies":[{"embeddable":true,"href":"https:\/\/munichilca.gob.pe\/site\/wp-json\/wp\/v2\/comments?post=16839"}],"version-history":[{"count":0,"href":"https:\/\/munichilca.gob.pe\/site\/wp-json\/wp\/v2\/posts\/16839\/revisions"}],"wp:attachment":[{"href":"https:\/\/munichilca.gob.pe\/site\/wp-json\/wp\/v2\/media?parent=16839"}],"wp:term":[{"taxonomy":"category","embeddable":true,"href":"https:\/\/munichilca.gob.pe\/site\/wp-json\/wp\/v2\/categories?post=16839"},{"taxonomy":"post_tag","embeddable":true,"href":"https:\/\/munichilca.gob.pe\/site\/wp-json\/wp\/v2\/tags?post=16839"}],"curies":[{"name":"wp","href":"https:\/\/api.w.org\/{rel}","templated":true}]}}