{"id":16811,"date":"2025-09-02T08:30:05","date_gmt":"2025-09-02T08:30:05","guid":{"rendered":"https:\/\/munichilca.gob.pe\/site\/?p=10496"},"modified":"2025-09-02T08:30:05","modified_gmt":"2025-09-02T08:30:05","slug":"chicos-y-grandes-llenaron-de-color-y-alegria-el-cielo-de-auquimarca","status":"publish","type":"post","link":"https:\/\/munichilca.gob.pe\/site\/2025\/09\/02\/chicos-y-grandes-llenaron-de-color-y-alegria-el-cielo-de-auquimarca\/","title":{"rendered":"CHICOS Y GRANDES LLENARON DE COLOR Y ALEGR\u00cdA EL CIELO DE AUQUIMARCA"},"content":{"rendered":"<p>Concurso de cometas reuni\u00f3 a decenas de familias<\/p>\n<p>Con gran entusiasmo y creatividad, m\u00e1s de 200 participantes entre ni\u00f1os, j\u00f3venes y adultos se reunieron el pasado s\u00e1bado en el malec\u00f3n tur\u00edstico de Auquimarca para ser parte del esperado Concurso de Vuelo de Cometas, actividad organizada por la Gerencia de Desarrollo Econ\u00f3mico y Turismo de la Municipalidad Distrital de Chilca.<\/p>\n<p>Desde las 4 de la tarde, el cielo chilquense se llen\u00f3 de color y emoci\u00f3n con las cometas elaboradas con materiales reciclados como pl\u00e1sticos, papeles peri\u00f3dicos y carrizos. Entre las m\u00e1s llamativas destacaron las cometas en forma de barcos piratas y aviones, que reflejaron la imaginaci\u00f3n y el ingenio de los concursantes.<\/p>\n<p>El certamen se desarroll\u00f3 en dos categor\u00edas; la cometa m\u00e1s alta y la cometa m\u00e1s atractiva, en las que grandes y chicos mostraron su destreza y entusiasmo. Las familias disfrutaron de una tarde diferente, compartiendo momentos de uni\u00f3n y alegr\u00eda mientras hac\u00edan volar sus cometas hasta lo m\u00e1s alto del cielo.<\/p>\n<p>Los ganadores fueron premiados con juegos l\u00fadicos y pelotas, y al finalizar la jornada se realiz\u00f3 un sorteo especial entre todos los participantes.<\/p>\n<p>Por su parte, Daniel Yaranga, responsable del \u00e1rea de Turismo y Ferias, destac\u00f3 que la finalidad del concurso fue crear espacios de integraci\u00f3n familiar, donde padres e hijos disfruten de actividades recreativas y se fortalezcan los lazos comunitarios.<\/p>\n<p>\u00abDe esta manera se busca promover actividades culturales y tur\u00edsticas que incentiven la creatividad, la participaci\u00f3n ciudadana y la uni\u00f3n familiar\u00bb finaliz\u00f3 Yaranga Gago.<\/p>\n<p><a href=\"https:\/\/munichilca.gob.pe\/site\/wp-content\/uploads\/2025\/09\/WhatsApp-Image-2025-08-31-at-10.49.31-AM.jpeg\"><img fetchpriority=\"high\" decoding=\"async\" class=\"aligncenter size-medium wp-image-10497\" src=\"https:\/\/munichilca.gob.pe\/site\/wp-content\/uploads\/2025\/09\/WhatsApp-Image-2025-08-31-at-10.49.31-AM-640x360.jpeg\" alt=\"\" width=\"640\" height=\"360\" \/><\/a><\/p>\n","protected":false},"excerpt":{"rendered":"<p>Concurso de cometas reuni\u00f3 a decenas de familias Con gran entusiasmo y creatividad, m\u00e1s de 200 participantes entre ni\u00f1os, j\u00f3venes y adultos se reunieron el pasado s\u00e1bado en el malec\u00f3n tur\u00edstico de Auquimarca para ser parte del esperado Concurso de Vuelo de Cometas, actividad organizada por la Gerencia de Desarrollo Econ\u00f3mico y Turismo de la [&hellip;]<\/p>\n","protected":false},"author":4,"featured_media":0,"comment_status":"open","ping_status":"open","sticky":false,"template":"","format":"standard","meta":{"footnotes":""},"categories":[25],"tags":[],"class_list":["post-16811","post","type-post","status-publish","format-standard","hentry","category-noticias"],"blocksy_meta":[],"rttpg_featured_image_url":null,"rttpg_author":{"display_name":"JGUTARRA","author_link":"https:\/\/munichilca.gob.pe\/site\/author\/jgutarra\/"},"rttpg_comment":0,"rttpg_category":"<a href=\"https:\/\/munichilca.gob.pe\/site\/category\/noticias\/\" rel=\"category tag\">Noticias<\/a>","rttpg_excerpt":"Concurso de cometas reuni\u00f3 a decenas de familias Con gran entusiasmo y creatividad, m\u00e1s de 200 participantes entre ni\u00f1os, j\u00f3venes y adultos se reunieron el pasado s\u00e1bado en el malec\u00f3n tur\u00edstico de Auquimarca para ser parte del esperado Concurso de Vuelo de Cometas, actividad organizada por la Gerencia de Desarrollo Econ\u00f3mico y Turismo de la&hellip;","_links":{"self":[{"href":"https:\/\/munichilca.gob.pe\/site\/wp-json\/wp\/v2\/posts\/16811","targetHints":{"allow":["GET"]}}],"collection":[{"href":"https:\/\/munichilca.gob.pe\/site\/wp-json\/wp\/v2\/posts"}],"about":[{"href":"https:\/\/munichilca.gob.pe\/site\/wp-json\/wp\/v2\/types\/post"}],"author":[{"embeddable":true,"href":"https:\/\/munichilca.gob.pe\/site\/wp-json\/wp\/v2\/users\/4"}],"replies":[{"embeddable":true,"href":"https:\/\/munichilca.gob.pe\/site\/wp-json\/wp\/v2\/comments?post=16811"}],"version-history":[{"count":0,"href":"https:\/\/munichilca.gob.pe\/site\/wp-json\/wp\/v2\/posts\/16811\/revisions"}],"wp:attachment":[{"href":"https:\/\/munichilca.gob.pe\/site\/wp-json\/wp\/v2\/media?parent=16811"}],"wp:term":[{"taxonomy":"category","embeddable":true,"href":"https:\/\/munichilca.gob.pe\/site\/wp-json\/wp\/v2\/categories?post=16811"},{"taxonomy":"post_tag","embeddable":true,"href":"https:\/\/munichilca.gob.pe\/site\/wp-json\/wp\/v2\/tags?post=16811"}],"curies":[{"name":"wp","href":"https:\/\/api.w.org\/{rel}","templated":true}]}}