{"id":16717,"date":"2025-11-27T08:23:19","date_gmt":"2025-11-27T08:23:19","guid":{"rendered":"https:\/\/munichilca.gob.pe\/site\/?p=10967"},"modified":"2025-11-27T08:23:19","modified_gmt":"2025-11-27T08:23:19","slug":"refuerzan-cuidado-de-las-bermas-centrales-en-chilca","status":"publish","type":"post","link":"https:\/\/munichilca.gob.pe\/site\/2025\/11\/27\/refuerzan-cuidado-de-las-bermas-centrales-en-chilca\/","title":{"rendered":"REFUERZAN CUIDADO DE LAS BERMAS CENTRALES EN CHILCA"},"content":{"rendered":"<p><em>Con trabajos de mantenimiento y arborizaci\u00f3n<\/em><\/p>\n<p>Para mantener saludables las bermas y jardines del distrito, la municipalidad de Chilca contin\u00faa impulsando acciones para preservar el buen estado de los espacios p\u00fablicos, priorizando el mantenimiento de las \u00e1reas verdes que representan la imagen de un distrito limpio, ordenado y saludable.<\/p>\n<p>Este martes, el personal del \u00e1rea de Parques y Jardines ejecut\u00f3 labores de mantenimiento en la berma central de la Av. Torre Tagle, desde la Av. 9 de Diciembre hasta la Av. Pr\u00f3ceres. Los trabajos incluyeron poda de pasto, recorte de \u00e1rboles y la plantaci\u00f3n de nuevas especies ornamentales y arb\u00f3reas, con el objetivo de fortalecer la cobertura vegetal en esta importante v\u00eda.<\/p>\n<p>De manera paralela, las cuadrillas municipales tambi\u00e9n realizaron intervenciones en la Av. Pr\u00f3ceres, desde la Av. Huancavelica hasta la Calle Real, como parte del programa municipal \u201cChilca Verde\u201d, iniciativa que promueve el adecuado manejo de \u00e1reas verdes en todo el distrito.<\/p>\n<p>Estas acciones buscan conservar las principales avenidas libres de residuos, con un ornato renovado y entornos m\u00e1s saludables para los vecinos y visitantes.<a href=\"https:\/\/munichilca.gob.pe\/site\/wp-content\/uploads\/2025\/11\/IMG-20251125-WA0094.jpg\"><img fetchpriority=\"high\" decoding=\"async\" class=\"aligncenter size-medium wp-image-10968\" src=\"https:\/\/munichilca.gob.pe\/site\/wp-content\/uploads\/2025\/11\/IMG-20251125-WA0094-640x426.jpg\" alt=\"\" width=\"640\" height=\"426\" \/><\/a> <a href=\"https:\/\/munichilca.gob.pe\/site\/wp-content\/uploads\/2025\/11\/IMG-20251125-WA0096.jpg\"><img decoding=\"async\" class=\"aligncenter size-medium wp-image-10969\" src=\"https:\/\/munichilca.gob.pe\/site\/wp-content\/uploads\/2025\/11\/IMG-20251125-WA0096-640x426.jpg\" alt=\"\" width=\"640\" height=\"426\" \/><\/a><\/p>\n","protected":false},"excerpt":{"rendered":"<p>Con trabajos de mantenimiento y arborizaci\u00f3n Para mantener saludables las bermas y jardines del distrito, la municipalidad de Chilca contin\u00faa impulsando acciones para preservar el buen estado de los espacios p\u00fablicos, priorizando el mantenimiento de las \u00e1reas verdes que representan la imagen de un distrito limpio, ordenado y saludable. Este martes, el personal del \u00e1rea [&hellip;]<\/p>\n","protected":false},"author":4,"featured_media":0,"comment_status":"open","ping_status":"open","sticky":false,"template":"","format":"standard","meta":{"footnotes":""},"categories":[25],"tags":[],"class_list":["post-16717","post","type-post","status-publish","format-standard","hentry","category-noticias"],"blocksy_meta":[],"rttpg_featured_image_url":null,"rttpg_author":{"display_name":"JGUTARRA","author_link":"https:\/\/munichilca.gob.pe\/site\/author\/jgutarra\/"},"rttpg_comment":0,"rttpg_category":"<a href=\"https:\/\/munichilca.gob.pe\/site\/category\/noticias\/\" rel=\"category tag\">Noticias<\/a>","rttpg_excerpt":"Con trabajos de mantenimiento y arborizaci\u00f3n Para mantener saludables las bermas y jardines del distrito, la municipalidad de Chilca contin\u00faa impulsando acciones para preservar el buen estado de los espacios p\u00fablicos, priorizando el mantenimiento de las \u00e1reas verdes que representan la imagen de un distrito limpio, ordenado y saludable. Este martes, el personal del \u00e1rea&hellip;","_links":{"self":[{"href":"https:\/\/munichilca.gob.pe\/site\/wp-json\/wp\/v2\/posts\/16717","targetHints":{"allow":["GET"]}}],"collection":[{"href":"https:\/\/munichilca.gob.pe\/site\/wp-json\/wp\/v2\/posts"}],"about":[{"href":"https:\/\/munichilca.gob.pe\/site\/wp-json\/wp\/v2\/types\/post"}],"author":[{"embeddable":true,"href":"https:\/\/munichilca.gob.pe\/site\/wp-json\/wp\/v2\/users\/4"}],"replies":[{"embeddable":true,"href":"https:\/\/munichilca.gob.pe\/site\/wp-json\/wp\/v2\/comments?post=16717"}],"version-history":[{"count":0,"href":"https:\/\/munichilca.gob.pe\/site\/wp-json\/wp\/v2\/posts\/16717\/revisions"}],"wp:attachment":[{"href":"https:\/\/munichilca.gob.pe\/site\/wp-json\/wp\/v2\/media?parent=16717"}],"wp:term":[{"taxonomy":"category","embeddable":true,"href":"https:\/\/munichilca.gob.pe\/site\/wp-json\/wp\/v2\/categories?post=16717"},{"taxonomy":"post_tag","embeddable":true,"href":"https:\/\/munichilca.gob.pe\/site\/wp-json\/wp\/v2\/tags?post=16717"}],"curies":[{"name":"wp","href":"https:\/\/api.w.org\/{rel}","templated":true}]}}