{"id":16716,"date":"2025-11-27T08:24:56","date_gmt":"2025-11-27T08:24:56","guid":{"rendered":"https:\/\/munichilca.gob.pe\/site\/?p=10971"},"modified":"2025-11-27T08:24:56","modified_gmt":"2025-11-27T08:24:56","slug":"chilca-se-une-a-la-marcha-por-la-eliminacion-de-la-violencia-contra-la-mujer","status":"publish","type":"post","link":"https:\/\/munichilca.gob.pe\/site\/2025\/11\/27\/chilca-se-une-a-la-marcha-por-la-eliminacion-de-la-violencia-contra-la-mujer\/","title":{"rendered":"CHILCA SE UNE A LA MARCHA POR LA ELIMINACI\u00d3N DE LA VIOLENCIA CONTRA LA MUJER"},"content":{"rendered":"<p><em>Para que mujeres y ni\u00f1as vivan seguras, valoradas y libres de todo tipo de violencia<\/em><\/p>\n<p>Con un firme compromiso por promover una sociedad m\u00e1s justa, segura y libre de violencia, este 25 de noviembre en horas de la tarde, la Municipalidad Distrital de Chilca, a trav\u00e9s de la Gerencia de Desarrollo Social, junto a los miembros de la Instancia Distrital de Concertaci\u00f3n de la Lucha contra la Violencia hacia la Mujer, los Integrantes del Grupo Familiar, instituciones educativas, organizaciones sociales y colectivos femeninos, particip\u00f3 en la Marcha por la Eliminaci\u00f3n de la Violencia contra la Mujer, actividad realizada en el marco del D\u00eda Internacional de la No Violencia contra la Mujer.<\/p>\n<p>Durante la movilizaci\u00f3n, destac\u00f3 la participaci\u00f3n del personal del Centro de Emergencia Mujer, la Iglesia Evang\u00e9lica Pentecostal de Jesucristo \u201cAsociaci\u00f3n Creciendo para la Gloria de Dios\u201d, el Centro de Salud de Chilca, las juntas vecinales, la I.E. Fe y Alegr\u00eda, el Centro de Salud Mental Comunitario, la Polic\u00eda Nacional del Per\u00fa de la comisar\u00eda de Chilca, la Unidad de Serenazgo, entre otras instituciones.<\/p>\n<p>Los asistentes recorrieron las principales calles del distrito, como la Av. Leoncio Prado, calle Real y la Av. 9 de Diciembre, llevando mensajes de empoderamiento, igualdad y respeto hacia las mujeres y ni\u00f1as.<\/p>\n<p>Durante la jornada se entreg\u00f3 la Resoluci\u00f3n Gerencial N\u00b0 193 en reconocimiento a los articuladores por su importante aporte a esta noble causa. El evento culmin\u00f3 con una emotiva vigilia, donde servidores municipales, estudiantes, ciudadanos y autoridades portaron pancartas, lazos morados y consignas que llamaron a la reflexi\u00f3n sobre la urgencia de erradicar toda forma de violencia f\u00edsica, psicol\u00f3gica, econ\u00f3mica y sexual.<\/p>\n<p>El gerente de Desarrollo Social, Johannes Romero, reafirm\u00f3 su compromiso de continuar trabajando en programas de prevenci\u00f3n, campa\u00f1as informativas y acciones articuladas orientadas a garantizar la protecci\u00f3n de las mujeres del distrito. Asimismo, se alent\u00f3 a la poblaci\u00f3n a denunciar cualquier acto de violencia y promover relaciones basadas en el respeto y la igualdad.<\/p>\n<p>La Municipalidad resalta la necesidad de consolidar estos espacios de sensibilizaci\u00f3n y renovar el compromiso colectivo para avanzar hacia un distrito en el que mujeres y ni\u00f1as vivan protegidas, valoradas y libres de violencia.<a href=\"https:\/\/munichilca.gob.pe\/site\/wp-content\/uploads\/2025\/11\/IMG-20251125-WA0128.jpg\"><img fetchpriority=\"high\" decoding=\"async\" class=\"aligncenter size-medium wp-image-10972\" src=\"https:\/\/munichilca.gob.pe\/site\/wp-content\/uploads\/2025\/11\/IMG-20251125-WA0128-640x288.jpg\" alt=\"\" width=\"640\" height=\"288\" \/><\/a> <a href=\"https:\/\/munichilca.gob.pe\/site\/wp-content\/uploads\/2025\/11\/IMG-20251125-WA0127.jpg\"><img decoding=\"async\" class=\"aligncenter size-medium wp-image-10973\" src=\"https:\/\/munichilca.gob.pe\/site\/wp-content\/uploads\/2025\/11\/IMG-20251125-WA0127-640x288.jpg\" alt=\"\" width=\"640\" height=\"288\" \/><\/a><\/p>\n","protected":false},"excerpt":{"rendered":"<p>Para que mujeres y ni\u00f1as vivan seguras, valoradas y libres de todo tipo de violencia Con un firme compromiso por promover una sociedad m\u00e1s justa, segura y libre de violencia, este 25 de noviembre en horas de la tarde, la Municipalidad Distrital de Chilca, a trav\u00e9s de la Gerencia de Desarrollo Social, junto a los [&hellip;]<\/p>\n","protected":false},"author":4,"featured_media":0,"comment_status":"open","ping_status":"open","sticky":false,"template":"","format":"standard","meta":{"footnotes":""},"categories":[25],"tags":[],"class_list":["post-16716","post","type-post","status-publish","format-standard","hentry","category-noticias"],"blocksy_meta":[],"rttpg_featured_image_url":null,"rttpg_author":{"display_name":"JGUTARRA","author_link":"https:\/\/munichilca.gob.pe\/site\/author\/jgutarra\/"},"rttpg_comment":0,"rttpg_category":"<a href=\"https:\/\/munichilca.gob.pe\/site\/category\/noticias\/\" rel=\"category tag\">Noticias<\/a>","rttpg_excerpt":"Para que mujeres y ni\u00f1as vivan seguras, valoradas y libres de todo tipo de violencia Con un firme compromiso por promover una sociedad m\u00e1s justa, segura y libre de violencia, este 25 de noviembre en horas de la tarde, la Municipalidad Distrital de Chilca, a trav\u00e9s de la Gerencia de Desarrollo Social, junto a los&hellip;","_links":{"self":[{"href":"https:\/\/munichilca.gob.pe\/site\/wp-json\/wp\/v2\/posts\/16716","targetHints":{"allow":["GET"]}}],"collection":[{"href":"https:\/\/munichilca.gob.pe\/site\/wp-json\/wp\/v2\/posts"}],"about":[{"href":"https:\/\/munichilca.gob.pe\/site\/wp-json\/wp\/v2\/types\/post"}],"author":[{"embeddable":true,"href":"https:\/\/munichilca.gob.pe\/site\/wp-json\/wp\/v2\/users\/4"}],"replies":[{"embeddable":true,"href":"https:\/\/munichilca.gob.pe\/site\/wp-json\/wp\/v2\/comments?post=16716"}],"version-history":[{"count":0,"href":"https:\/\/munichilca.gob.pe\/site\/wp-json\/wp\/v2\/posts\/16716\/revisions"}],"wp:attachment":[{"href":"https:\/\/munichilca.gob.pe\/site\/wp-json\/wp\/v2\/media?parent=16716"}],"wp:term":[{"taxonomy":"category","embeddable":true,"href":"https:\/\/munichilca.gob.pe\/site\/wp-json\/wp\/v2\/categories?post=16716"},{"taxonomy":"post_tag","embeddable":true,"href":"https:\/\/munichilca.gob.pe\/site\/wp-json\/wp\/v2\/tags?post=16716"}],"curies":[{"name":"wp","href":"https:\/\/api.w.org\/{rel}","templated":true}]}}