{"id":16711,"date":"2025-11-28T08:52:23","date_gmt":"2025-11-28T08:52:23","guid":{"rendered":"https:\/\/munichilca.gob.pe\/site\/?p=10993"},"modified":"2025-11-28T08:52:23","modified_gmt":"2025-11-28T08:52:23","slug":"academia-municipal-de-chilca-destaca-en-ii-feria-de-orientacion-vocacional","status":"publish","type":"post","link":"https:\/\/munichilca.gob.pe\/site\/2025\/11\/28\/academia-municipal-de-chilca-destaca-en-ii-feria-de-orientacion-vocacional\/","title":{"rendered":"ACADEMIA MUNICIPAL DE CHILCA DESTACA EN II FERIA DE ORIENTACI\u00d3N VOCACIONAL"},"content":{"rendered":"<p><em>Organizada por el Gobierno Regional de Jun\u00edn<\/em><\/p>\n<p>La Academia Municipal de Chilca particip\u00f3 activamente en la II Feria de Orientaci\u00f3n Vocacional, evento organizado por el Gobierno Regional de Jun\u00edn desarrollada en el Centro Internacional de Negocios de Huancayo y dirigido a estudiantes de cuarto y quinto de secundaria de instituciones educativas p\u00fablicas y privadas. Entre los colegios asistentes destac\u00f3 el Ramiro Villaverde Lazo, adem\u00e1s de otros centros educativos de la provincia.<\/p>\n<p>La jornada reuni\u00f3 a diversas universidades de prestigio, como la Universidad Peruana Los Andes (UPLA), Universidad Continental, entre otras casas superiores de renombre, que brindaron informaci\u00f3n sobre becas, carreras profesionales y oportunidades de desarrollo acad\u00e9mico.<\/p>\n<p>Durante el evento, el personal de la Academia Municipal de Chilca instal\u00f3 un m\u00f3dulo informativo donde orientaron a los estudiantes sobre las pr\u00f3ximas aperturas de sus ciclos de preparaci\u00f3n como el Ciclo Primera Selecci\u00f3n, Intensivo, adem\u00e1s de programas dirigidos a escolares de nivel primario, secundarios y postulantes de quinto de secundaria. Asimismo, se anunci\u00f3 el inicio de los 15 talleres formativos, cuyo primer grupo comenzar\u00e1 el 15 de diciembre y el segundo grupo el 5 de enero de 2026.<\/p>\n<p>Juan Pineda Larzo, subgerente del Instituto de Cultura, destac\u00f3 el impacto de la academia en la formaci\u00f3n preuniversitaria de la juventud chilquense. \u201cGracias a la preparaci\u00f3n brindada por la Academia Municipal, m\u00e1s de mil j\u00f3venes han logrado ingresar a las mejores universidades del pa\u00eds\u201d, afirm\u00f3.<\/p>\n<p>La participaci\u00f3n de la comuna en esta feria refuerza su compromiso con la educaci\u00f3n y el fortalecimiento de oportunidades para los estudiantes del distrito.<a href=\"https:\/\/munichilca.gob.pe\/site\/wp-content\/uploads\/2025\/11\/IMG-20251127-WA0023.jpg\"><img fetchpriority=\"high\" decoding=\"async\" class=\"aligncenter size-medium wp-image-10994\" src=\"https:\/\/munichilca.gob.pe\/site\/wp-content\/uploads\/2025\/11\/IMG-20251127-WA0023-640x426.jpg\" alt=\"\" width=\"640\" height=\"426\" \/><\/a> <a href=\"https:\/\/munichilca.gob.pe\/site\/wp-content\/uploads\/2025\/11\/IMG-20251127-WA0025.jpg\"><img decoding=\"async\" class=\"aligncenter size-medium wp-image-10995\" src=\"https:\/\/munichilca.gob.pe\/site\/wp-content\/uploads\/2025\/11\/IMG-20251127-WA0025-640x426.jpg\" alt=\"\" width=\"640\" height=\"426\" \/><\/a><\/p>\n","protected":false},"excerpt":{"rendered":"<p>Organizada por el Gobierno Regional de Jun\u00edn La Academia Municipal de Chilca particip\u00f3 activamente en la II Feria de Orientaci\u00f3n Vocacional, evento organizado por el Gobierno Regional de Jun\u00edn desarrollada en el Centro Internacional de Negocios de Huancayo y dirigido a estudiantes de cuarto y quinto de secundaria de instituciones educativas p\u00fablicas y privadas. Entre [&hellip;]<\/p>\n","protected":false},"author":4,"featured_media":0,"comment_status":"open","ping_status":"open","sticky":false,"template":"","format":"standard","meta":{"footnotes":""},"categories":[25],"tags":[],"class_list":["post-16711","post","type-post","status-publish","format-standard","hentry","category-noticias"],"blocksy_meta":[],"rttpg_featured_image_url":null,"rttpg_author":{"display_name":"JGUTARRA","author_link":"https:\/\/munichilca.gob.pe\/site\/author\/jgutarra\/"},"rttpg_comment":0,"rttpg_category":"<a href=\"https:\/\/munichilca.gob.pe\/site\/category\/noticias\/\" rel=\"category tag\">Noticias<\/a>","rttpg_excerpt":"Organizada por el Gobierno Regional de Jun\u00edn La Academia Municipal de Chilca particip\u00f3 activamente en la II Feria de Orientaci\u00f3n Vocacional, evento organizado por el Gobierno Regional de Jun\u00edn desarrollada en el Centro Internacional de Negocios de Huancayo y dirigido a estudiantes de cuarto y quinto de secundaria de instituciones educativas p\u00fablicas y privadas. Entre&hellip;","_links":{"self":[{"href":"https:\/\/munichilca.gob.pe\/site\/wp-json\/wp\/v2\/posts\/16711","targetHints":{"allow":["GET"]}}],"collection":[{"href":"https:\/\/munichilca.gob.pe\/site\/wp-json\/wp\/v2\/posts"}],"about":[{"href":"https:\/\/munichilca.gob.pe\/site\/wp-json\/wp\/v2\/types\/post"}],"author":[{"embeddable":true,"href":"https:\/\/munichilca.gob.pe\/site\/wp-json\/wp\/v2\/users\/4"}],"replies":[{"embeddable":true,"href":"https:\/\/munichilca.gob.pe\/site\/wp-json\/wp\/v2\/comments?post=16711"}],"version-history":[{"count":0,"href":"https:\/\/munichilca.gob.pe\/site\/wp-json\/wp\/v2\/posts\/16711\/revisions"}],"wp:attachment":[{"href":"https:\/\/munichilca.gob.pe\/site\/wp-json\/wp\/v2\/media?parent=16711"}],"wp:term":[{"taxonomy":"category","embeddable":true,"href":"https:\/\/munichilca.gob.pe\/site\/wp-json\/wp\/v2\/categories?post=16711"},{"taxonomy":"post_tag","embeddable":true,"href":"https:\/\/munichilca.gob.pe\/site\/wp-json\/wp\/v2\/tags?post=16711"}],"curies":[{"name":"wp","href":"https:\/\/api.w.org\/{rel}","templated":true}]}}