{"id":16709,"date":"2025-11-28T08:55:31","date_gmt":"2025-11-28T08:55:31","guid":{"rendered":"https:\/\/munichilca.gob.pe\/site\/?p=11001"},"modified":"2025-11-28T08:55:31","modified_gmt":"2025-11-28T08:55:31","slug":"chilca-invita-este-28-a-penultima-campana-gratuita-de-tramite-del-dnie","status":"publish","type":"post","link":"https:\/\/munichilca.gob.pe\/site\/2025\/11\/28\/chilca-invita-este-28-a-penultima-campana-gratuita-de-tramite-del-dnie\/","title":{"rendered":"CHILCA INVITA ESTE 28 A PEN\u00daLTIMA CAMPA\u00d1A GRATUITA DE TR\u00c1MITE DEL DNIe"},"content":{"rendered":"<p><em>La jornada beneficiar\u00e1 a menores, adultos mayores y personas con discapacidad<\/em><\/p>\n<p>En busca de fortalecer la inclusi\u00f3n social y garantizar que m\u00e1s vecinos accedan de manera equitativa a un documento de identidad actualizado y seguro, la comuna de Chilca anunci\u00f3 que este viernes 28 de noviembre se llevar\u00e1 a cabo la pen\u00faltima jornada gratuita para tramitar el DNI electr\u00f3nico (DNIe), una actividad organizada en coordinaci\u00f3n con el Registro Nacional de Identificaci\u00f3n y Estado Civil (RENIEC). La campa\u00f1a est\u00e1 dirigida especialmente a menores, adultos mayores de 60 a\u00f1os y personas con discapacidad, quienes podr\u00e1n acceder al documento sin asumir el pago regular de S\/ 41.00.<\/p>\n<p>La atenci\u00f3n se realizar\u00e1 desde las 9:00 a. m. en el patio de la Casa Municipal, donde el equipo t\u00e9cnico del RENIEC ofrecer\u00e1 servicios de inscripci\u00f3n, renovaci\u00f3n, duplicado, asistencia registral y toma fotogr\u00e1fica sin costo alguno.<\/p>\n<p>El beneficio est\u00e1 orientado principalmente a ni\u00f1os y adolescentes de 0 a 16 a\u00f1os. Para su atenci\u00f3n, deber\u00e1n acudir acompa\u00f1ados por uno de sus padres y presentar copias de los DNI de ambos. Si el menor est\u00e1 a cargo de un apoderado, ser\u00e1 necesario presentar una carta poder simple o el acta de nacimiento. Asimismo, se brindar\u00e1 atenci\u00f3n prioritaria a personas con discapacidad.<\/p>\n<p>Como parte del proceso de modernizaci\u00f3n del sistema de identificaci\u00f3n en el pa\u00eds, desde agosto de 2025 el RENIEC solo emite la versi\u00f3n 3.0 del DNI electr\u00f3nico, dejando atr\u00e1s los formatos tradicionales azul y amarillo. Este documento permite mayor seguridad, acceso a servicios digitales y facilita futuros procedimientos como el voto electr\u00f3nico.<\/p>\n<p>Samuel Ticllacuri, responsable del \u00c1rea de Registro Civil, record\u00f3 que los cupos son limitados y que estas campa\u00f1as continuar\u00e1n realiz\u00e1ndose peri\u00f3dicamente en el distrito. Adem\u00e1s, inform\u00f3 que los DNI tramitados podr\u00e1n recogerse 45 d\u00edas despu\u00e9s en la Oficina de Registro Civil.<a href=\"https:\/\/munichilca.gob.pe\/site\/wp-content\/uploads\/2025\/11\/IMG-20251127-WA0052.jpg\"><img fetchpriority=\"high\" decoding=\"async\" class=\"aligncenter size-medium wp-image-11002\" src=\"https:\/\/munichilca.gob.pe\/site\/wp-content\/uploads\/2025\/11\/IMG-20251127-WA0052-640x426.jpg\" alt=\"\" width=\"640\" height=\"426\" \/><\/a> <a href=\"https:\/\/munichilca.gob.pe\/site\/wp-content\/uploads\/2025\/11\/IMG-20251127-WA0054.jpg\"><img decoding=\"async\" class=\"aligncenter size-medium wp-image-11003\" src=\"https:\/\/munichilca.gob.pe\/site\/wp-content\/uploads\/2025\/11\/IMG-20251127-WA0054-640x426.jpg\" alt=\"\" width=\"640\" height=\"426\" \/><\/a><\/p>\n","protected":false},"excerpt":{"rendered":"<p>La jornada beneficiar\u00e1 a menores, adultos mayores y personas con discapacidad En busca de fortalecer la inclusi\u00f3n social y garantizar que m\u00e1s vecinos accedan de manera equitativa a un documento de identidad actualizado y seguro, la comuna de Chilca anunci\u00f3 que este viernes 28 de noviembre se llevar\u00e1 a cabo la pen\u00faltima jornada gratuita para [&hellip;]<\/p>\n","protected":false},"author":4,"featured_media":0,"comment_status":"open","ping_status":"open","sticky":false,"template":"","format":"standard","meta":{"footnotes":""},"categories":[25],"tags":[],"class_list":["post-16709","post","type-post","status-publish","format-standard","hentry","category-noticias"],"blocksy_meta":[],"rttpg_featured_image_url":null,"rttpg_author":{"display_name":"JGUTARRA","author_link":"https:\/\/munichilca.gob.pe\/site\/author\/jgutarra\/"},"rttpg_comment":0,"rttpg_category":"<a href=\"https:\/\/munichilca.gob.pe\/site\/category\/noticias\/\" rel=\"category tag\">Noticias<\/a>","rttpg_excerpt":"La jornada beneficiar\u00e1 a menores, adultos mayores y personas con discapacidad En busca de fortalecer la inclusi\u00f3n social y garantizar que m\u00e1s vecinos accedan de manera equitativa a un documento de identidad actualizado y seguro, la comuna de Chilca anunci\u00f3 que este viernes 28 de noviembre se llevar\u00e1 a cabo la pen\u00faltima jornada gratuita para&hellip;","_links":{"self":[{"href":"https:\/\/munichilca.gob.pe\/site\/wp-json\/wp\/v2\/posts\/16709","targetHints":{"allow":["GET"]}}],"collection":[{"href":"https:\/\/munichilca.gob.pe\/site\/wp-json\/wp\/v2\/posts"}],"about":[{"href":"https:\/\/munichilca.gob.pe\/site\/wp-json\/wp\/v2\/types\/post"}],"author":[{"embeddable":true,"href":"https:\/\/munichilca.gob.pe\/site\/wp-json\/wp\/v2\/users\/4"}],"replies":[{"embeddable":true,"href":"https:\/\/munichilca.gob.pe\/site\/wp-json\/wp\/v2\/comments?post=16709"}],"version-history":[{"count":0,"href":"https:\/\/munichilca.gob.pe\/site\/wp-json\/wp\/v2\/posts\/16709\/revisions"}],"wp:attachment":[{"href":"https:\/\/munichilca.gob.pe\/site\/wp-json\/wp\/v2\/media?parent=16709"}],"wp:term":[{"taxonomy":"category","embeddable":true,"href":"https:\/\/munichilca.gob.pe\/site\/wp-json\/wp\/v2\/categories?post=16709"},{"taxonomy":"post_tag","embeddable":true,"href":"https:\/\/munichilca.gob.pe\/site\/wp-json\/wp\/v2\/tags?post=16709"}],"curies":[{"name":"wp","href":"https:\/\/api.w.org\/{rel}","templated":true}]}}