{"id":16708,"date":"2025-11-28T08:57:10","date_gmt":"2025-11-28T08:57:10","guid":{"rendered":"https:\/\/munichilca.gob.pe\/site\/?p=11005"},"modified":"2025-11-28T08:57:10","modified_gmt":"2025-11-28T08:57:10","slug":"chilca-inicia-armado-del-tradicional-nacimiento-navideno","status":"publish","type":"post","link":"https:\/\/munichilca.gob.pe\/site\/2025\/11\/28\/chilca-inicia-armado-del-tradicional-nacimiento-navideno\/","title":{"rendered":"CHILCA INICIA ARMADO DEL TRADICIONAL NACIMIENTO NAVIDE\u00d1O"},"content":{"rendered":"<p><em>Preparativos incluyen encendido de luces y feria navide\u00f1a<\/em><\/p>\n<p>Para promover actividades culturales y recreativas que fortalezcan la convivencia y el esp\u00edritu festivo entre los vecinos, la Municipalidad Distrital de Chilca inici\u00f3 los trabajos de instalaci\u00f3n del tradicional nacimiento del Ni\u00f1o Jes\u00fas, una actividad que se realiza cada a\u00f1o con motivo de las celebraciones navide\u00f1as.<\/p>\n<p>El armado se viene desarrollando en el parque Los H\u00e9roes, espacio que recibe diariamente la visita de turistas y vecinos, y que se mantiene con un cuidado constante de sus \u00e1reas verdes y labores permanentes de limpieza.<\/p>\n<p>Como parte de estas acciones, el gerente municipal, Ronald Cris\u00f3stomo, anunci\u00f3 que la primera semana de diciembre se llevar\u00e1 a cabo el encendido oficial de las luces navide\u00f1as, evento al que invit\u00f3 a participar a toda la poblaci\u00f3n chilquense.<\/p>\n<p>Asimismo, la municipalidad inform\u00f3 que la feria navide\u00f1a ser\u00e1 instalada en la avenida Torre Tagle desde la avenida 9 de Diciembre hasta la avenida Pr\u00f3ceres, y funcionar\u00e1 del 23 de diciembre del presente a\u00f1o al 1 de enero de 2026. Esta propuesta busca ofrecer un espacio de encuentro familiar, dinamizar la actividad comercial local y revalorar las tradiciones navide\u00f1as en el distrito.<a href=\"https:\/\/munichilca.gob.pe\/site\/wp-content\/uploads\/2025\/11\/IMG-20251127-WA0017.jpg\"><img fetchpriority=\"high\" decoding=\"async\" class=\"aligncenter size-medium wp-image-11006\" src=\"https:\/\/munichilca.gob.pe\/site\/wp-content\/uploads\/2025\/11\/IMG-20251127-WA0017-640x426.jpg\" alt=\"\" width=\"640\" height=\"426\" \/><\/a> <a href=\"https:\/\/munichilca.gob.pe\/site\/wp-content\/uploads\/2025\/11\/IMG-20251127-WA0018.jpg\"><img decoding=\"async\" class=\"aligncenter size-medium wp-image-11007\" src=\"https:\/\/munichilca.gob.pe\/site\/wp-content\/uploads\/2025\/11\/IMG-20251127-WA0018-640x426.jpg\" alt=\"\" width=\"640\" height=\"426\" \/><\/a><\/p>\n","protected":false},"excerpt":{"rendered":"<p>Preparativos incluyen encendido de luces y feria navide\u00f1a Para promover actividades culturales y recreativas que fortalezcan la convivencia y el esp\u00edritu festivo entre los vecinos, la Municipalidad Distrital de Chilca inici\u00f3 los trabajos de instalaci\u00f3n del tradicional nacimiento del Ni\u00f1o Jes\u00fas, una actividad que se realiza cada a\u00f1o con motivo de las celebraciones navide\u00f1as. El [&hellip;]<\/p>\n","protected":false},"author":4,"featured_media":0,"comment_status":"open","ping_status":"open","sticky":false,"template":"","format":"standard","meta":{"footnotes":""},"categories":[25],"tags":[],"class_list":["post-16708","post","type-post","status-publish","format-standard","hentry","category-noticias"],"blocksy_meta":[],"rttpg_featured_image_url":null,"rttpg_author":{"display_name":"JGUTARRA","author_link":"https:\/\/munichilca.gob.pe\/site\/author\/jgutarra\/"},"rttpg_comment":0,"rttpg_category":"<a href=\"https:\/\/munichilca.gob.pe\/site\/category\/noticias\/\" rel=\"category tag\">Noticias<\/a>","rttpg_excerpt":"Preparativos incluyen encendido de luces y feria navide\u00f1a Para promover actividades culturales y recreativas que fortalezcan la convivencia y el esp\u00edritu festivo entre los vecinos, la Municipalidad Distrital de Chilca inici\u00f3 los trabajos de instalaci\u00f3n del tradicional nacimiento del Ni\u00f1o Jes\u00fas, una actividad que se realiza cada a\u00f1o con motivo de las celebraciones navide\u00f1as. El&hellip;","_links":{"self":[{"href":"https:\/\/munichilca.gob.pe\/site\/wp-json\/wp\/v2\/posts\/16708","targetHints":{"allow":["GET"]}}],"collection":[{"href":"https:\/\/munichilca.gob.pe\/site\/wp-json\/wp\/v2\/posts"}],"about":[{"href":"https:\/\/munichilca.gob.pe\/site\/wp-json\/wp\/v2\/types\/post"}],"author":[{"embeddable":true,"href":"https:\/\/munichilca.gob.pe\/site\/wp-json\/wp\/v2\/users\/4"}],"replies":[{"embeddable":true,"href":"https:\/\/munichilca.gob.pe\/site\/wp-json\/wp\/v2\/comments?post=16708"}],"version-history":[{"count":0,"href":"https:\/\/munichilca.gob.pe\/site\/wp-json\/wp\/v2\/posts\/16708\/revisions"}],"wp:attachment":[{"href":"https:\/\/munichilca.gob.pe\/site\/wp-json\/wp\/v2\/media?parent=16708"}],"wp:term":[{"taxonomy":"category","embeddable":true,"href":"https:\/\/munichilca.gob.pe\/site\/wp-json\/wp\/v2\/categories?post=16708"},{"taxonomy":"post_tag","embeddable":true,"href":"https:\/\/munichilca.gob.pe\/site\/wp-json\/wp\/v2\/tags?post=16708"}],"curies":[{"name":"wp","href":"https:\/\/api.w.org\/{rel}","templated":true}]}}