{"id":16707,"date":"2025-12-01T09:21:55","date_gmt":"2025-12-01T09:21:55","guid":{"rendered":"https:\/\/munichilca.gob.pe\/site\/?p=11009"},"modified":"2025-12-01T09:21:55","modified_gmt":"2025-12-01T09:21:55","slug":"chilca-gradua-a-20-pares-cuidadores-del-programa-nacional-contigo","status":"publish","type":"post","link":"https:\/\/munichilca.gob.pe\/site\/2025\/12\/01\/chilca-gradua-a-20-pares-cuidadores-del-programa-nacional-contigo\/","title":{"rendered":"CHILCA GRAD\u00daA A 20 PARES CUIDADORES DEL PROGRAMA NACIONAL CONTIGO"},"content":{"rendered":"<p><em>Gerente Municipal present\u00f3 el premio nacional \u00abGalard\u00f3n Contigo\u00bb<\/em><\/p>\n<p>En una emotiva ceremonia, la Municipalidad Distrital de Chilca celebr\u00f3 la graduaci\u00f3n de 20 integrantes de los pares cuidadores del Programa Nacional Contigo, quienes culminaron exitosamente su proceso de formaci\u00f3n brindado en la Gerencia de Desarrollo Social de la comuna.<\/p>\n<p>El evento cont\u00f3 con la presencia del gerente municipal, Ronald Cris\u00f3stomo, en representaci\u00f3n del alcalde C\u00e9sar Damas, as\u00ed como del coordinador territorial del CONADIS, Pablo Mercado, quienes felicitaron a los participantes por su compromiso e iniciativa orientada al servicio de las personas con discapacidad.<\/p>\n<p>Durante la ceremonia, los graduados, a trav\u00e9s de su presidenta Paola Quispe, expresaron su agradecimiento al alcalde y a su equipo de gesti\u00f3n por impulsar acciones que fortalecen el acompa\u00f1amiento y la atenci\u00f3n a personas en situaci\u00f3n de vulnerabilidad. Los nuevos pares cuidadores recibieron sus certificados vistiendo togas y birretes, en un ambiente de orgullo y celebraci\u00f3n.<\/p>\n<p>El gerente municipal destac\u00f3 el valor humano de esta labor, \u00abSer cuidador no es solo una labor t\u00e9cnica, es un acto profundo de solidaridad y empat\u00eda. Ustedes brindan apoyo, acompa\u00f1amiento y dignidad a quienes m\u00e1s lo necesitan, y ese trabajo merece ser celebrado y valorado\u00bb, se\u00f1al\u00f3. Quien a la vez present\u00f3 el Premio Nacional \u201cGalard\u00f3n Contigo\u201d, un reconocimiento que destaca el compromiso institucional con la inclusi\u00f3n social y la mejora de la calidad de vida de las personas con discapacidad. Este logro refleja el trabajo articulado y humano que realiza el municipio junto al programa Contigo, reafirmando su vocaci\u00f3n de servicio y su apuesta por construir un distrito m\u00e1s solidario, accesible y equitativo para todos.<\/p>\n<p>La jornada tambi\u00e9n cont\u00f3 con la participaci\u00f3n de la Divisi\u00f3n de Polic\u00eda Comunitaria de la Regi\u00f3n Policial Jun\u00edn, que ofreci\u00f3 un show infantil para el p\u00fablico asistente, reforzando los mensajes de inclusi\u00f3n e igualdad.<\/p>\n<p>Finalmente, los flamantes graduados cerraron la ceremonia lanzando sus birretes al aire, s\u00edmbolo del esfuerzo, la dedicaci\u00f3n y el logro alcanzado.<a href=\"https:\/\/munichilca.gob.pe\/site\/wp-content\/uploads\/2025\/12\/IMG-20251128-WA0087.jpg\"><img fetchpriority=\"high\" decoding=\"async\" class=\"aligncenter size-medium wp-image-11010\" src=\"https:\/\/munichilca.gob.pe\/site\/wp-content\/uploads\/2025\/12\/IMG-20251128-WA0087-640x426.jpg\" alt=\"\" width=\"640\" height=\"426\" \/><\/a> <a href=\"https:\/\/munichilca.gob.pe\/site\/wp-content\/uploads\/2025\/12\/IMG-20251128-WA0082.jpg\"><img decoding=\"async\" class=\"aligncenter size-medium wp-image-11011\" src=\"https:\/\/munichilca.gob.pe\/site\/wp-content\/uploads\/2025\/12\/IMG-20251128-WA0082-640x426.jpg\" alt=\"\" width=\"640\" height=\"426\" \/><\/a><\/p>\n","protected":false},"excerpt":{"rendered":"<p>Gerente Municipal present\u00f3 el premio nacional \u00abGalard\u00f3n Contigo\u00bb En una emotiva ceremonia, la Municipalidad Distrital de Chilca celebr\u00f3 la graduaci\u00f3n de 20 integrantes de los pares cuidadores del Programa Nacional Contigo, quienes culminaron exitosamente su proceso de formaci\u00f3n brindado en la Gerencia de Desarrollo Social de la comuna. El evento cont\u00f3 con la presencia del [&hellip;]<\/p>\n","protected":false},"author":4,"featured_media":0,"comment_status":"open","ping_status":"open","sticky":false,"template":"","format":"standard","meta":{"footnotes":""},"categories":[25],"tags":[],"class_list":["post-16707","post","type-post","status-publish","format-standard","hentry","category-noticias"],"blocksy_meta":[],"rttpg_featured_image_url":null,"rttpg_author":{"display_name":"JGUTARRA","author_link":"https:\/\/munichilca.gob.pe\/site\/author\/jgutarra\/"},"rttpg_comment":0,"rttpg_category":"<a href=\"https:\/\/munichilca.gob.pe\/site\/category\/noticias\/\" rel=\"category tag\">Noticias<\/a>","rttpg_excerpt":"Gerente Municipal present\u00f3 el premio nacional \u00abGalard\u00f3n Contigo\u00bb En una emotiva ceremonia, la Municipalidad Distrital de Chilca celebr\u00f3 la graduaci\u00f3n de 20 integrantes de los pares cuidadores del Programa Nacional Contigo, quienes culminaron exitosamente su proceso de formaci\u00f3n brindado en la Gerencia de Desarrollo Social de la comuna. El evento cont\u00f3 con la presencia del&hellip;","_links":{"self":[{"href":"https:\/\/munichilca.gob.pe\/site\/wp-json\/wp\/v2\/posts\/16707","targetHints":{"allow":["GET"]}}],"collection":[{"href":"https:\/\/munichilca.gob.pe\/site\/wp-json\/wp\/v2\/posts"}],"about":[{"href":"https:\/\/munichilca.gob.pe\/site\/wp-json\/wp\/v2\/types\/post"}],"author":[{"embeddable":true,"href":"https:\/\/munichilca.gob.pe\/site\/wp-json\/wp\/v2\/users\/4"}],"replies":[{"embeddable":true,"href":"https:\/\/munichilca.gob.pe\/site\/wp-json\/wp\/v2\/comments?post=16707"}],"version-history":[{"count":0,"href":"https:\/\/munichilca.gob.pe\/site\/wp-json\/wp\/v2\/posts\/16707\/revisions"}],"wp:attachment":[{"href":"https:\/\/munichilca.gob.pe\/site\/wp-json\/wp\/v2\/media?parent=16707"}],"wp:term":[{"taxonomy":"category","embeddable":true,"href":"https:\/\/munichilca.gob.pe\/site\/wp-json\/wp\/v2\/categories?post=16707"},{"taxonomy":"post_tag","embeddable":true,"href":"https:\/\/munichilca.gob.pe\/site\/wp-json\/wp\/v2\/tags?post=16707"}],"curies":[{"name":"wp","href":"https:\/\/api.w.org\/{rel}","templated":true}]}}