{"id":16704,"date":"2025-12-02T10:38:45","date_gmt":"2025-12-02T10:38:45","guid":{"rendered":"https:\/\/munichilca.gob.pe\/site\/?p=11021"},"modified":"2025-12-02T10:38:45","modified_gmt":"2025-12-02T10:38:45","slug":"chilca-recibe-premio-nacional-galardon-contigo","status":"publish","type":"post","link":"https:\/\/munichilca.gob.pe\/site\/2025\/12\/02\/chilca-recibe-premio-nacional-galardon-contigo\/","title":{"rendered":"CHILCA RECIBE PREMIO NACIONAL \u00abGALARD\u00d3N CONTIGO\u00bb"},"content":{"rendered":"<p><em>Por su destacada labor en favor de las personas con discapacidad<\/em><\/p>\n<p>La Municipalidad Distrital de Chilca fue reconocida a nivel nacional con el prestigioso \u201cPremio Galard\u00f3n Contigo\u201d, otorgado por el Programa Contigo del Ministerio de Desarrollo e Inclusi\u00f3n Social (MIDIS), como resultado del compromiso y esfuerzo sostenido de la gesti\u00f3n liderada por el alcalde C\u00e9sar Damas Laurente.<\/p>\n<p>El reconocimiento, entregado en la ciudad de Lima, destaca las buenas pr\u00e1cticas implementadas por el municipio a trav\u00e9s de la Gerencia de Desarrollo Social y la Oficina Municipal de Atenci\u00f3n a la Persona con Discapacidad (OMAPED), donde se viene trabajando para mejorar la calidad de vida de las personas con discapacidad severa del distrito. Entre las acciones resaltadas se encuentran el acceso oportuno a la pensi\u00f3n no contributiva, el acompa\u00f1amiento social permanente y la articulaci\u00f3n de servicios orientados a la inclusi\u00f3n.<\/p>\n<p>El \u201cGalard\u00f3n Contigo\u201d es un premio nacional que reconoce a los gobiernos locales que impulsan pol\u00edticas y pr\u00e1cticas inclusivas para personas con discapacidad severa en situaci\u00f3n de pobreza, convirti\u00e9ndose en un incentivo para continuar fortaleciendo iniciativas que promuevan la igualdad de oportunidades.<\/p>\n<p>Tras recibir el premio, el alcalde C\u00e9sar Damas destac\u00f3 que este logro es fruto del trabajo conjunto del equipo t\u00e9cnico municipal;<\/p>\n<p>\u201cEste reconocimiento ratifica nuestro compromiso de seguir creando un distrito m\u00e1s solidario e inclusivo. Gracias al esfuerzo articulado de cada \u00e1rea hemos logrado posicionar al distrito de Chilca a nivel nacional como un ejemplo de atenci\u00f3n y apoyo hacia quienes m\u00e1s lo necesitan\u201d, se\u00f1al\u00f3.<\/p>\n<p>Con esta distinci\u00f3n, la Municipalidad Distrital de Chilca consolida su camino hacia una gesti\u00f3n m\u00e1s humana, reafirmando su compromiso con la inclusi\u00f3n social y el bienestar de las personas con discapacidad.<a href=\"https:\/\/munichilca.gob.pe\/site\/wp-content\/uploads\/2025\/12\/IMG-20251202-WA0002.jpg\"><img fetchpriority=\"high\" decoding=\"async\" class=\"aligncenter size-medium wp-image-11022\" src=\"https:\/\/munichilca.gob.pe\/site\/wp-content\/uploads\/2025\/12\/IMG-20251202-WA0002-640x426.jpg\" alt=\"\" width=\"640\" height=\"426\" \/><\/a> <a href=\"https:\/\/munichilca.gob.pe\/site\/wp-content\/uploads\/2025\/12\/IMG-20251202-WA0000.jpg\"><img decoding=\"async\" class=\"aligncenter size-medium wp-image-11023\" src=\"https:\/\/munichilca.gob.pe\/site\/wp-content\/uploads\/2025\/12\/IMG-20251202-WA0000-640x426.jpg\" alt=\"\" width=\"640\" height=\"426\" \/><\/a><\/p>\n","protected":false},"excerpt":{"rendered":"<p>Por su destacada labor en favor de las personas con discapacidad La Municipalidad Distrital de Chilca fue reconocida a nivel nacional con el prestigioso \u201cPremio Galard\u00f3n Contigo\u201d, otorgado por el Programa Contigo del Ministerio de Desarrollo e Inclusi\u00f3n Social (MIDIS), como resultado del compromiso y esfuerzo sostenido de la gesti\u00f3n liderada por el alcalde C\u00e9sar [&hellip;]<\/p>\n","protected":false},"author":4,"featured_media":0,"comment_status":"open","ping_status":"open","sticky":false,"template":"","format":"standard","meta":{"footnotes":""},"categories":[25],"tags":[],"class_list":["post-16704","post","type-post","status-publish","format-standard","hentry","category-noticias"],"blocksy_meta":[],"rttpg_featured_image_url":null,"rttpg_author":{"display_name":"JGUTARRA","author_link":"https:\/\/munichilca.gob.pe\/site\/author\/jgutarra\/"},"rttpg_comment":0,"rttpg_category":"<a href=\"https:\/\/munichilca.gob.pe\/site\/category\/noticias\/\" rel=\"category tag\">Noticias<\/a>","rttpg_excerpt":"Por su destacada labor en favor de las personas con discapacidad La Municipalidad Distrital de Chilca fue reconocida a nivel nacional con el prestigioso \u201cPremio Galard\u00f3n Contigo\u201d, otorgado por el Programa Contigo del Ministerio de Desarrollo e Inclusi\u00f3n Social (MIDIS), como resultado del compromiso y esfuerzo sostenido de la gesti\u00f3n liderada por el alcalde C\u00e9sar&hellip;","_links":{"self":[{"href":"https:\/\/munichilca.gob.pe\/site\/wp-json\/wp\/v2\/posts\/16704","targetHints":{"allow":["GET"]}}],"collection":[{"href":"https:\/\/munichilca.gob.pe\/site\/wp-json\/wp\/v2\/posts"}],"about":[{"href":"https:\/\/munichilca.gob.pe\/site\/wp-json\/wp\/v2\/types\/post"}],"author":[{"embeddable":true,"href":"https:\/\/munichilca.gob.pe\/site\/wp-json\/wp\/v2\/users\/4"}],"replies":[{"embeddable":true,"href":"https:\/\/munichilca.gob.pe\/site\/wp-json\/wp\/v2\/comments?post=16704"}],"version-history":[{"count":0,"href":"https:\/\/munichilca.gob.pe\/site\/wp-json\/wp\/v2\/posts\/16704\/revisions"}],"wp:attachment":[{"href":"https:\/\/munichilca.gob.pe\/site\/wp-json\/wp\/v2\/media?parent=16704"}],"wp:term":[{"taxonomy":"category","embeddable":true,"href":"https:\/\/munichilca.gob.pe\/site\/wp-json\/wp\/v2\/categories?post=16704"},{"taxonomy":"post_tag","embeddable":true,"href":"https:\/\/munichilca.gob.pe\/site\/wp-json\/wp\/v2\/tags?post=16704"}],"curies":[{"name":"wp","href":"https:\/\/api.w.org\/{rel}","templated":true}]}}