{"id":16701,"date":"2025-12-03T17:43:19","date_gmt":"2025-12-03T17:43:19","guid":{"rendered":"https:\/\/munichilca.gob.pe\/site\/?p=11032"},"modified":"2025-12-03T17:43:19","modified_gmt":"2025-12-03T17:43:19","slug":"chilca-embellece-sus-calles-con-mantenimiento-de-jardinerias","status":"publish","type":"post","link":"https:\/\/munichilca.gob.pe\/site\/2025\/12\/03\/chilca-embellece-sus-calles-con-mantenimiento-de-jardinerias\/","title":{"rendered":"CHILCA EMBELLECE SUS CALLES CON MANTENIMIENTO DE JARDINER\u00cdAS"},"content":{"rendered":"<p><em>En toda la berma central de la Av. Torre Tagle<\/em><\/p>\n<p>Con el objetivo de embellecer el distrito y mejorar el ornato urbano, la Municipalidad Distrital de Chilca, a trav\u00e9s del \u00e1rea de Parques y Jardines, viene ejecutando importantes labores de deshierbado, limpieza, poda, cantoneo y eliminaci\u00f3n de maleza en la berma central de la avenida Torre Tagle, abarcando desde la Av. 9 de Diciembre hasta la Av. Pr\u00f3ceres.<\/p>\n<p>Las \u00e1reas verdes no solo embellecen la ciudad, sino que cumplen una funci\u00f3n vital en la purificaci\u00f3n del aire, la mitigaci\u00f3n del cambio clim\u00e1tico y la regulaci\u00f3n de la temperatura urbana. Adem\u00e1s, ofrecen espacios de recreaci\u00f3n, fomentan el contacto con la naturaleza y contribuyen a una imagen urbana m\u00e1s saludable y atractiva para los vecinos y visitantes.<\/p>\n<p>La responsable del programa \u201cChilca Verde\u201d, Katherine Romero, destac\u00f3 la importancia de estas acciones, se\u00f1alando que \u201cestos trabajos permiten mantener nuestras \u00e1reas verdes en \u00f3ptimas condiciones, contribuyendo al bienestar de los vecinos y al cuidado del medio ambiente\u201d.<\/p>\n<p>La comuna chilquense ratifica su compromiso con el mantenimiento y embellecimiento permanente de los espacios p\u00fablicos, fomentando un entorno m\u00e1s limpio, seguro y armonioso para el bienestar de toda la ciudadan\u00eda.<a href=\"https:\/\/munichilca.gob.pe\/site\/wp-content\/uploads\/2025\/12\/IMG-20251202-WA0034.jpg\"><img fetchpriority=\"high\" decoding=\"async\" class=\"aligncenter size-medium wp-image-11033\" src=\"https:\/\/munichilca.gob.pe\/site\/wp-content\/uploads\/2025\/12\/IMG-20251202-WA0034-640x426.jpg\" alt=\"\" width=\"640\" height=\"426\" \/><\/a> <a href=\"https:\/\/munichilca.gob.pe\/site\/wp-content\/uploads\/2025\/12\/IMG-20251202-WA0035.jpg\"><img decoding=\"async\" class=\"aligncenter size-medium wp-image-11034\" src=\"https:\/\/munichilca.gob.pe\/site\/wp-content\/uploads\/2025\/12\/IMG-20251202-WA0035-640x426.jpg\" alt=\"\" width=\"640\" height=\"426\" \/><\/a><\/p>\n","protected":false},"excerpt":{"rendered":"<p>En toda la berma central de la Av. Torre Tagle Con el objetivo de embellecer el distrito y mejorar el ornato urbano, la Municipalidad Distrital de Chilca, a trav\u00e9s del \u00e1rea de Parques y Jardines, viene ejecutando importantes labores de deshierbado, limpieza, poda, cantoneo y eliminaci\u00f3n de maleza en la berma central de la avenida [&hellip;]<\/p>\n","protected":false},"author":4,"featured_media":0,"comment_status":"open","ping_status":"open","sticky":false,"template":"","format":"standard","meta":{"footnotes":""},"categories":[25],"tags":[],"class_list":["post-16701","post","type-post","status-publish","format-standard","hentry","category-noticias"],"blocksy_meta":[],"rttpg_featured_image_url":null,"rttpg_author":{"display_name":"JGUTARRA","author_link":"https:\/\/munichilca.gob.pe\/site\/author\/jgutarra\/"},"rttpg_comment":0,"rttpg_category":"<a href=\"https:\/\/munichilca.gob.pe\/site\/category\/noticias\/\" rel=\"category tag\">Noticias<\/a>","rttpg_excerpt":"En toda la berma central de la Av. Torre Tagle Con el objetivo de embellecer el distrito y mejorar el ornato urbano, la Municipalidad Distrital de Chilca, a trav\u00e9s del \u00e1rea de Parques y Jardines, viene ejecutando importantes labores de deshierbado, limpieza, poda, cantoneo y eliminaci\u00f3n de maleza en la berma central de la avenida&hellip;","_links":{"self":[{"href":"https:\/\/munichilca.gob.pe\/site\/wp-json\/wp\/v2\/posts\/16701","targetHints":{"allow":["GET"]}}],"collection":[{"href":"https:\/\/munichilca.gob.pe\/site\/wp-json\/wp\/v2\/posts"}],"about":[{"href":"https:\/\/munichilca.gob.pe\/site\/wp-json\/wp\/v2\/types\/post"}],"author":[{"embeddable":true,"href":"https:\/\/munichilca.gob.pe\/site\/wp-json\/wp\/v2\/users\/4"}],"replies":[{"embeddable":true,"href":"https:\/\/munichilca.gob.pe\/site\/wp-json\/wp\/v2\/comments?post=16701"}],"version-history":[{"count":0,"href":"https:\/\/munichilca.gob.pe\/site\/wp-json\/wp\/v2\/posts\/16701\/revisions"}],"wp:attachment":[{"href":"https:\/\/munichilca.gob.pe\/site\/wp-json\/wp\/v2\/media?parent=16701"}],"wp:term":[{"taxonomy":"category","embeddable":true,"href":"https:\/\/munichilca.gob.pe\/site\/wp-json\/wp\/v2\/categories?post=16701"},{"taxonomy":"post_tag","embeddable":true,"href":"https:\/\/munichilca.gob.pe\/site\/wp-json\/wp\/v2\/tags?post=16701"}],"curies":[{"name":"wp","href":"https:\/\/api.w.org\/{rel}","templated":true}]}}